{"id":10576,"date":"2018-02-03T18:21:38","date_gmt":"2018-02-03T17:21:38","guid":{"rendered":"http:\/\/svhuesten09.de\/web\/?p=10576"},"modified":"2018-02-07T06:37:18","modified_gmt":"2018-02-07T05:37:18","slug":"u19-zwingt-westfalenligist-sc-verl-in-die-verlaengerung","status":"publish","type":"post","link":"https:\/\/svhuesten09.de\/web\/2018\/02\/03\/u19-zwingt-westfalenligist-sc-verl-in-die-verlaengerung\/","title":{"rendered":"U19 zwingt Westfalenligist SC Verl in die Verl\u00e4ngerung"},"content":{"rendered":"<p>Die U19-Junioren des SV H\u00fcsten 09 sind erhobenen Hauptes in der ersten Runde des Westfalenpokals ausgeschieden. Der Arnsberger Kreispokalsieger zwang den Westfalenligisten SC Verl in die Verl\u00e4ngerung, unterlag am Ende aber mit 2:5.<\/p>\n<p>Die zwei Klassen h\u00f6her spielenden G\u00e4ste, die in der Westfalenliga sogar auf Platz drei liegen, gingen gegen die abstiegsgef\u00e4hrdete Bezirksligamannschaft des SV H\u00fcsten 09 als haushoher Favorit ins Rennen und h\u00e4tte in der Anfangsphase durchaus in F\u00fchrung gehen k\u00f6nnen. Allerdings gab es in der zw\u00f6lften Minute pl\u00f6tzlich Elfmeter f\u00fcr die 09er, den Julius Oestersporkmann zum 1:0 f\u00fcr die Hausherren verwandelte.<\/p>\n<p>In der Folge wirkte Verl verunsichert und es entwickelte sich ein enges Spiel, in dem trotzdem hin und wieder die spielerische Klasse des SC Verl auftauchte. So fiel mit dem Pausenpfiff der nicht unverdiente 1:1-Ausgleich (45.), ehe die Partie im zweiten Durchgang kippte und es nach 53 Minuten 2:1 f\u00fcr den SC stand.<\/p>\n<p>Die H\u00fcstener k\u00e4mpften aber weiter wacker und schafften kurz vor dem Ende den nicht mehr f\u00fcr m\u00f6glich gehaltenen Ausgleich. Nils Klauke war in der 89. Minute zur Stelle, stellte auf 2:2 und sorgte daf\u00fcr, dass die Partie um drei\u00dfig Minuten verl\u00e4ngert wurde. Dort allerdings machte Verl dann alles klar und zog letztlich durch einen 5:2-Erfolg in die zweite Runde des Westfalenpokals ein.<\/p>\n<p>F\u00fcr die U19 des SV H\u00fcsten 09 geht es am Sonntag, den 11. Februar, mit der R\u00fcckrunde in der Bezirksliga Staffel 4 weiter. Im ersten Ligaspiel des Jahres 2018 gastieren die 09er beim Tabellenf\u00fchrer Borussia Dr\u00f6schede.<\/p>\n","protected":false},"excerpt":{"rendered":"<p>Die U19-Junioren des SV H\u00fcsten 09 sind erhobenen Hauptes in der ersten Runde des Westfalenpokals ausgeschieden. Der Arnsberger Kreispokalsieger zwang den Westfalenligisten SC Verl in die Verl\u00e4ngerung, unterlag am Ende aber mit 2:5. Die zwei Klassen h\u00f6her spielenden G\u00e4ste, die in der Westfalenliga sogar auf Platz drei liegen, gingen gegen die abstiegsgef\u00e4hrdete Bezirksligamannschaft des SV [&hellip;]<\/p>\n","protected":false},"author":5,"featured_media":10227,"comment_status":"closed","ping_status":"closed","sticky":false,"template":"","format":"standard","meta":[],"categories":[1,37],"tags":[],"_links":{"self":[{"href":"https:\/\/svhuesten09.de\/web\/wp-json\/wp\/v2\/posts\/10576"}],"collection":[{"href":"https:\/\/svhuesten09.de\/web\/wp-json\/wp\/v2\/posts"}],"about":[{"href":"https:\/\/svhuesten09.de\/web\/wp-json\/wp\/v2\/types\/post"}],"author":[{"embeddable":true,"href":"https:\/\/svhuesten09.de\/web\/wp-json\/wp\/v2\/users\/5"}],"replies":[{"embeddable":true,"href":"https:\/\/svhuesten09.de\/web\/wp-json\/wp\/v2\/comments?post=10576"}],"version-history":[{"count":2,"href":"https:\/\/svhuesten09.de\/web\/wp-json\/wp\/v2\/posts\/10576\/revisions"}],"predecessor-version":[{"id":10582,"href":"https:\/\/svhuesten09.de\/web\/wp-json\/wp\/v2\/posts\/10576\/revisions\/10582"}],"wp:featuredmedia":[{"embeddable":true,"href":"https:\/\/svhuesten09.de\/web\/wp-json\/wp\/v2\/media\/10227"}],"wp:attachment":[{"href":"https:\/\/svhuesten09.de\/web\/wp-json\/wp\/v2\/media?parent=10576"}],"wp:term":[{"taxonomy":"category","embeddable":true,"href":"https:\/\/svhuesten09.de\/web\/wp-json\/wp\/v2\/categories?post=10576"},{"taxonomy":"post_tag","embeddable":true,"href":"https:\/\/svhuesten09.de\/web\/wp-json\/wp\/v2\/tags?post=10576"}],"curies":[{"name":"wp","href":"https:\/\/api.w.org\/{rel}","templated":true}]}}