{"id":11274,"date":"2018-09-24T13:43:49","date_gmt":"2018-09-24T11:43:49","guid":{"rendered":"https:\/\/svhuesten09.de\/web\/?p=11274"},"modified":"2018-09-24T13:43:49","modified_gmt":"2018-09-24T11:43:49","slug":"dramatik-in-brilon-u13-gewinnt-gegen-ennepetal","status":"publish","type":"post","link":"https:\/\/svhuesten09.de\/web\/2018\/09\/24\/dramatik-in-brilon-u13-gewinnt-gegen-ennepetal\/","title":{"rendered":"Dramatik in Brilon &#8211; U13 gewinnt gegen Ennepetal"},"content":{"rendered":"<p>Schaut man auf das vergangene Wochenende, sticht sicherlich das 3:3 der H\u00fcstener Landesligamannschaft in Brilon heraus. Die Gr\u00fcn-Wei\u00dfen k\u00f6nnen einfach nicht anders als jedes Spiel zu einem Highlight zu machen. In Brilon lagen die 09er zun\u00e4chst mit 0:3 zur\u00fcck. Doch zwischen der 65. und 68. Minute stellten Lukas Gebhardt, Steffen Kern und Christopher Gierse auf 3:3, welches dann auch das Endresultat darstellte. Tolle Moral von den 09-Jungs, die damit den zweiten Platz mit 13 Punkten behauptet haben und am Sonntag, den 30. September, um 15:00 Uhr den VSV Wenden im Stadion Gro\u00dfe Wiese erwarten. Am Mittwoch, den 26. September, steht aber noch um 19:30 Uhr das Pokalspiel beim TuS Oeventrop an.<\/p>\n<p>Auch die H\u00fcstener U23 lag zun\u00e4chst in Westenfeld mit 0:1 zur\u00fcck, bevor Hendrik A\u00dfhoff den Ausgleich markierte. Die Mannschaft haderte nach Spielende mit dem Schiedsrichter, der ein klares Handspiel im Strafraum \u00fcbersehen haben soll. Mit drei Punkten belegen die Gr\u00fcn-Wei\u00dfen momentan Rang 13.&nbsp;Am Sonntag, den 30. September, hat man den SV Bachum\/Bergheim zu Gast. Die Dritte unterlag beim SSV Stockum II mit 1:3. Torsch\u00fctze des einzigen Treffers f\u00fcr die Gr\u00fcn-Wei\u00dfen war Marcel Arndt.<\/p>\n<p>Eine ungl\u00fcckliche Niederlage kassierte auch die U19 im Bezirksligaspiel gegen Tabellenf\u00fchrer Borussia Dr\u00f6schede. Der Treffer f\u00fcr die G\u00e4ste fiel in der 63. Minute, doch einige guten Torchancen konnten die 09er nicht zum Unentschieden verwerten. Mit einem Punkt steht man derzeit auf einem Abstiegsplatz. Dies soll sich aber kommendes Wochenende in Hagen \u00e4ndern.<\/p>\n<p>Mit 1:5 unterlag die U17 bei der SG GW Arnsberg\/Niedereimer. Aus der Mannschaft ragte Torh\u00fcter Sebastian Becker-Jostes heraus, der durch mehrere gl\u00e4nzende Paraden und einen gehaltenen Elfmeter schlimmeres verhinderte. Die U15 gewann auch das dritte Saisonspiel im zweistelligen Bereich. Mit 13:1 setzte man sich bei der Vertretung der JSG Hachen\/Langscheid\/Enkhausen durch. Die Mannschaft f\u00fchrt die Tabelle mit neun Punkten und sagenhaften 61:1-Toren an. Auch die U14 gewann zweistellig und bezwang die SG Holzen\/Eisborn\/Beckum mit 10:0.<\/p>\n<p>Die H\u00fcstener U13 feierte im Bezirksligaduell den TuS Ennepetal den ersten Saisonsieg und gewann mit 4:1. Damit stehen die 09er mit vier Punkten auf Platz sechs. Gl\u00fcckwunsch an alle punkterrungenen Mannschaften des SV H\u00fcsten 09 und alle, die nicht gepunktet haben, haben n\u00e4chste Woche wieder die Gelegenheit, die Niederlagen vergessen zu lassen.<\/p>\n","protected":false},"excerpt":{"rendered":"<p>Schaut man auf das vergangene Wochenende, sticht sicherlich das 3:3 der H\u00fcstener Landesligamannschaft in Brilon heraus. Die Gr\u00fcn-Wei\u00dfen k\u00f6nnen einfach nicht anders als jedes Spiel zu einem Highlight zu machen. In Brilon lagen die 09er zun\u00e4chst mit 0:3 zur\u00fcck. Doch zwischen der 65. und 68. Minute stellten Lukas Gebhardt, Steffen Kern und Christopher Gierse auf [&hellip;]<\/p>\n","protected":false},"author":5,"featured_media":9977,"comment_status":"closed","ping_status":"closed","sticky":false,"template":"","format":"standard","meta":[],"categories":[32,33,34,1,43,42,41,39,37],"tags":[],"_links":{"self":[{"href":"https:\/\/svhuesten09.de\/web\/wp-json\/wp\/v2\/posts\/11274"}],"collection":[{"href":"https:\/\/svhuesten09.de\/web\/wp-json\/wp\/v2\/posts"}],"about":[{"href":"https:\/\/svhuesten09.de\/web\/wp-json\/wp\/v2\/types\/post"}],"author":[{"embeddable":true,"href":"https:\/\/svhuesten09.de\/web\/wp-json\/wp\/v2\/users\/5"}],"replies":[{"embeddable":true,"href":"https:\/\/svhuesten09.de\/web\/wp-json\/wp\/v2\/comments?post=11274"}],"version-history":[{"count":1,"href":"https:\/\/svhuesten09.de\/web\/wp-json\/wp\/v2\/posts\/11274\/revisions"}],"predecessor-version":[{"id":11275,"href":"https:\/\/svhuesten09.de\/web\/wp-json\/wp\/v2\/posts\/11274\/revisions\/11275"}],"wp:featuredmedia":[{"embeddable":true,"href":"https:\/\/svhuesten09.de\/web\/wp-json\/wp\/v2\/media\/9977"}],"wp:attachment":[{"href":"https:\/\/svhuesten09.de\/web\/wp-json\/wp\/v2\/media?parent=11274"}],"wp:term":[{"taxonomy":"category","embeddable":true,"href":"https:\/\/svhuesten09.de\/web\/wp-json\/wp\/v2\/categories?post=11274"},{"taxonomy":"post_tag","embeddable":true,"href":"https:\/\/svhuesten09.de\/web\/wp-json\/wp\/v2\/tags?post=11274"}],"curies":[{"name":"wp","href":"https:\/\/api.w.org\/{rel}","templated":true}]}}