{"id":11385,"date":"2018-10-25T09:29:24","date_gmt":"2018-10-25T07:29:24","guid":{"rendered":"https:\/\/svhuesten09.de\/web\/?p=11385"},"modified":"2018-10-25T09:29:24","modified_gmt":"2018-10-25T07:29:24","slug":"klaus-zweimann-verstaerkt-trainerteam-der-u19","status":"publish","type":"post","link":"https:\/\/svhuesten09.de\/web\/2018\/10\/25\/klaus-zweimann-verstaerkt-trainerteam-der-u19\/","title":{"rendered":"Klaus Zweimann verst\u00e4rkt Trainerteam der U19"},"content":{"rendered":"<p>Nach nur einem Punkt aus den ersten sechs Spielen in der U19-Bezirksliga Staffel 4 und dem nachtr\u00e4glich aberkannten 4:3-Sieg gegen die SG Hemer wird der SV H\u00fcsten 09 das Trainerteam der U19 mit Klaus Zweimann verst\u00e4rken.<\/p>\n<p>&#8222;Klaus ist ein erfahrener Teamplayer, der sich sowohl in diesem Alter als auch in dieser Spielklasse bestens auskennt. Darum freue ich mich, dass wir in dieser prek\u00e4ren Situation f\u00fcr unsere U19 eine solche Verst\u00e4rkung hinzugewinnen konnten&#8220;, stellte Ralf Detzner, Jugendleiter des SV H\u00fcsten 09, klar und erg\u00e4nzte: &#8222;Wir hoffen, durch diese Entscheidung eine Aufbruchstimmung im Team ausl\u00f6sen zu k\u00f6nnen, sodass wir nun die Aufholjagd um den Klassenerhalt beginnen k\u00f6nnen. Unsere U19 hat zu viel Potential f\u00fcr die A-Liga, muss dieses aber nun auch anfangen abzurufen. Darauf freue ich mich in den n\u00e4chsten Wochen.&#8220;<\/p>\n","protected":false},"excerpt":{"rendered":"<p>Nach nur einem Punkt aus den ersten sechs Spielen in der U19-Bezirksliga Staffel 4 und dem nachtr\u00e4glich aberkannten 4:3-Sieg gegen die SG Hemer wird der SV H\u00fcsten 09 das Trainerteam der U19 mit Klaus Zweimann verst\u00e4rken. &#8222;Klaus ist ein erfahrener Teamplayer, der sich sowohl in diesem Alter als auch in dieser Spielklasse bestens auskennt. Darum [&hellip;]<\/p>\n","protected":false},"author":5,"featured_media":2395,"comment_status":"closed","ping_status":"closed","sticky":false,"template":"","format":"standard","meta":[],"categories":[1,37],"tags":[],"_links":{"self":[{"href":"https:\/\/svhuesten09.de\/web\/wp-json\/wp\/v2\/posts\/11385"}],"collection":[{"href":"https:\/\/svhuesten09.de\/web\/wp-json\/wp\/v2\/posts"}],"about":[{"href":"https:\/\/svhuesten09.de\/web\/wp-json\/wp\/v2\/types\/post"}],"author":[{"embeddable":true,"href":"https:\/\/svhuesten09.de\/web\/wp-json\/wp\/v2\/users\/5"}],"replies":[{"embeddable":true,"href":"https:\/\/svhuesten09.de\/web\/wp-json\/wp\/v2\/comments?post=11385"}],"version-history":[{"count":1,"href":"https:\/\/svhuesten09.de\/web\/wp-json\/wp\/v2\/posts\/11385\/revisions"}],"predecessor-version":[{"id":11386,"href":"https:\/\/svhuesten09.de\/web\/wp-json\/wp\/v2\/posts\/11385\/revisions\/11386"}],"wp:featuredmedia":[{"embeddable":true,"href":"https:\/\/svhuesten09.de\/web\/wp-json\/wp\/v2\/media\/2395"}],"wp:attachment":[{"href":"https:\/\/svhuesten09.de\/web\/wp-json\/wp\/v2\/media?parent=11385"}],"wp:term":[{"taxonomy":"category","embeddable":true,"href":"https:\/\/svhuesten09.de\/web\/wp-json\/wp\/v2\/categories?post=11385"},{"taxonomy":"post_tag","embeddable":true,"href":"https:\/\/svhuesten09.de\/web\/wp-json\/wp\/v2\/tags?post=11385"}],"curies":[{"name":"wp","href":"https:\/\/api.w.org\/{rel}","templated":true}]}}