{"id":11466,"date":"2018-11-16T09:45:28","date_gmt":"2018-11-16T08:45:28","guid":{"rendered":"https:\/\/svhuesten09.de\/web\/?p=11466"},"modified":"2018-11-16T09:45:28","modified_gmt":"2018-11-16T08:45:28","slug":"das-09-wochenende-im-schnelldurchlauf-10","status":"publish","type":"post","link":"https:\/\/svhuesten09.de\/web\/2018\/11\/16\/das-09-wochenende-im-schnelldurchlauf-10\/","title":{"rendered":"Das 09-Wochenende im Schnelldurchlauf"},"content":{"rendered":"<p>Das Volkstrauertag-Wochenende bietet attraktive und interessante Spiele f\u00fcr die 09-Fans.<\/p>\n<p>Am Samstag, den 17. November, spielt die U11 um 11:00 Uhr auf unserem Kunstrasenplatz gegen den TuS Sundern. F\u00fcr die U13-Bezirksligamannschaft geht es um 13:30 Uhr im Spiel gegen den FC Iserlohn 46\/49 um drei wichtige Meisterschaftspunkte. Iserlohn ist Tabellenzweiter mit 18 Punkten, w\u00e4hrend die 09er mit sechs Punkten auf Rang zehn stehen. Trainer Philipp Mayer und seine Jungs werden trotzdem versuchen, wenigstens ein P\u00fcnktchen in H\u00fcsten zu behalten. <\/p>\n<p>Der H\u00f6hepunkt der Jugendspiele findet an diesem Wochenende nicht in H\u00fcsten, sondern in Sundern statt. Auf neutralem Platz steht die U15 von Trainer Marco Grebe im Kreispokal-Endspiel dem Landesligateam des SC Neheim gegen\u00fcber. Der SC-Nachwuchs steht in der Landesliga mit sieben Punkten momentan auf Rang neun. Die H\u00fcstener Jungs nehmen in der Kreisliga A Arnsberg momentan Platz zwei ein und wollen zum Saisonende an der Aufstiegsrelegation zur Bezirksliga teilnehmen. Wie immer bieten die Ortsderbys einen besonderen Reiz. Der SC Neheim ist aufgrund seiner Spielklasse sicherlich der Favorit, aber die Jungs um Kapit\u00e4n J\u00f6rn Brasse werden alles in die Waagschale werfen, um den Pott nach H\u00fcsten zu holen. Auf geht&#8217;s, Jungs &#8211; ihr schafft das.<\/p>\n<p>Am Volkstrauertag-Sonntag bittet der Verein unsere 09-Mitglieder zur Teilnahme am Schweigemarsch zum St. Petri-Friedhof. Treffen ist um 10:00 Uhr am H\u00fcstener Markt. Um 13:00 Uhr spielt die dritte Mannschaft im Stadion Gro\u00dfe Wiese gegen den TuS Oeventrop II. Die Truppe von Coach Jose Llaves Guzman hat 22 Punkte auf der Habenseite, w\u00e4hrend der Tabellenzweite aus Oeventrop bei 26 Punkten steht. Somit w\u00e4re nach oben noch etwas m\u00f6glich.<\/p>\n<p>Die 09-Reserve reist in der A-Liga zum TuS Vo\u00dfwinkel. Die von Marco Grebe gecoachte Vo\u00dfwinkler Mannschaft ist momentan Tabellenf\u00fchrer und dementsprechend Favorit. Die Trauben f\u00fcr die 09er h\u00e4ngen daher noch. Kapit\u00e4n Michael Millentrup und seine Jungs wissen aber, worum es geht und wollen die zuletzt guten Leistungen und die Mini-Serie von vier ungeschlagenen Spielen ausbauen.<\/p>\n<p>21 Punkte hat die Landesligamannschaft mit ihrem Trainerduo Klaus Borschel und Andreas Kauke schon gesammelt. Beim Tabellenf\u00fchrer FSV Gerlingen, der 26 Punkte auf dem Konto hat, geht es am letzten Hinrundenspieltag um Bonuspunkte. Gerlingen hat sich gegen\u00fcber der Vorsaison merklich verst\u00e4rkt, sind doch einige Spieler aus der damaligen Westfalenligamannschaft der SpVgg Olpe nach Gerlingen gewechselt. Besonders auf Philipp Bredebach sollten die 09er ein Auge werfen. Vielleicht gelingt den H\u00fcstenern um Kapit\u00e4n Philipp V\u00f6lker dennoch zumindest ein Teilerfolg. Zu w\u00fcnschen w\u00e4re es ihnen.<\/p>\n<p>Allen Teams, die an diesem Wochenende wieder f\u00fcr unsere gr\u00fcn-wei\u00dfen Farben auflaufen, wie immer viel Erfolg beim Kampf um drei Punkte und nat\u00fcrlich die Hand am Pokal.<\/p>\n","protected":false},"excerpt":{"rendered":"<p>Das Volkstrauertag-Wochenende bietet attraktive und interessante Spiele f\u00fcr die 09-Fans. Am Samstag, den 17. November, spielt die U11 um 11:00 Uhr auf unserem Kunstrasenplatz gegen den TuS Sundern. F\u00fcr die U13-Bezirksligamannschaft geht es um 13:30 Uhr im Spiel gegen den FC Iserlohn 46\/49 um drei wichtige Meisterschaftspunkte. Iserlohn ist Tabellenzweiter mit 18 Punkten, w\u00e4hrend die [&hellip;]<\/p>\n","protected":false},"author":5,"featured_media":7858,"comment_status":"closed","ping_status":"closed","sticky":false,"template":"","format":"standard","meta":[],"categories":[32,33,34,1,45,43,41],"tags":[],"_links":{"self":[{"href":"https:\/\/svhuesten09.de\/web\/wp-json\/wp\/v2\/posts\/11466"}],"collection":[{"href":"https:\/\/svhuesten09.de\/web\/wp-json\/wp\/v2\/posts"}],"about":[{"href":"https:\/\/svhuesten09.de\/web\/wp-json\/wp\/v2\/types\/post"}],"author":[{"embeddable":true,"href":"https:\/\/svhuesten09.de\/web\/wp-json\/wp\/v2\/users\/5"}],"replies":[{"embeddable":true,"href":"https:\/\/svhuesten09.de\/web\/wp-json\/wp\/v2\/comments?post=11466"}],"version-history":[{"count":1,"href":"https:\/\/svhuesten09.de\/web\/wp-json\/wp\/v2\/posts\/11466\/revisions"}],"predecessor-version":[{"id":11467,"href":"https:\/\/svhuesten09.de\/web\/wp-json\/wp\/v2\/posts\/11466\/revisions\/11467"}],"wp:featuredmedia":[{"embeddable":true,"href":"https:\/\/svhuesten09.de\/web\/wp-json\/wp\/v2\/media\/7858"}],"wp:attachment":[{"href":"https:\/\/svhuesten09.de\/web\/wp-json\/wp\/v2\/media?parent=11466"}],"wp:term":[{"taxonomy":"category","embeddable":true,"href":"https:\/\/svhuesten09.de\/web\/wp-json\/wp\/v2\/categories?post=11466"},{"taxonomy":"post_tag","embeddable":true,"href":"https:\/\/svhuesten09.de\/web\/wp-json\/wp\/v2\/tags?post=11466"}],"curies":[{"name":"wp","href":"https:\/\/api.w.org\/{rel}","templated":true}]}}