{"id":11513,"date":"2018-11-19T18:39:49","date_gmt":"2018-11-19T17:39:49","guid":{"rendered":"https:\/\/svhuesten09.de\/web\/?p=11513"},"modified":"2018-11-20T11:47:24","modified_gmt":"2018-11-20T10:47:24","slug":"u15-holt-den-pokal-wieder-nach-huesten","status":"publish","type":"post","link":"https:\/\/svhuesten09.de\/web\/2018\/11\/19\/u15-holt-den-pokal-wieder-nach-huesten\/","title":{"rendered":"U15 holt den Pokal wieder nach H\u00fcsten"},"content":{"rendered":"<p>Ein Wochenende mit H\u00f6hen und Tiefen f\u00fcr die 09-Mannschaften ist beendet.<\/p>\n<p>Die U11 verlor mit 4:5 gegen den TuS Sundern. Auch die U13-Bezirksligamannschaft hatte gegen den FC Iserlohn 46\/49 mit 0:3 das Nachsehen. Die Jungs m\u00fcssen gegen andere Mannschaften die Punkte holen. Der Tabellenzweite war definitiv eine Nummer zu gro\u00df f\u00fcr die Mannschaft von Philipp Mayer.<\/p>\n<p>Alle Augen der 09-Fans waren am Samstag, den 17. November, zudem nach Sundern gerichtet. Viele Fans aus H\u00fcsten waren ins R\u00f6hrtalstadion gekommen, um die U15&nbsp;gegen die Landesligamannschaft des SC Neheim im Endspiel des Kreispokals zu unterst\u00fctzen. Und wie die H\u00fcstener Jungs das Spiel angingen, war eine Augenweide. Sehr diszipliniert und mit einer gro\u00dfen Ruhe und Gelassenheit spulte die Mannschaft das Pensum herunter. Man lie\u00df w\u00e4hrend der gesamten siebzig Minuten den Neheimern kaum eine Chance. Und waren die Neheimer einmal durch, so war 09-Schlussmann Leandro H\u00f6hmann auf dem Posten. Vielmehr agierten die Gr\u00fcn-Wei\u00dfen mit gekonntem Fl\u00fcgelspiel und kreierten so selbst Chance auf Chance. Schlie\u00dflich war es Ole Kemb\u00fcgler vorbehalten, in der 31. Minute das umjubelte 1:0 zu erzielen, mit dem es auch in die Pause ging.<\/p>\n<p>Hatte man gedacht, dass die Neheimer zur zweiten Halbzeit mit viel Wut aus der Kabine kamen, so war davon nicht viel zu sehen. Im Gegenteil: Der 09-Nachwuchs hatte weiter Chancen, das Ergebnis noch h\u00f6her zu schrauben. Torben Kinkel, Marian H\u00f6lter und Paul Feldmann vergaben hochkar\u00e4tige M\u00f6glichkeiten, bevor Julian Lang in der f\u00fcnfzigsten Minute letztlich das 2:0 erzielte. Den Rest spielten die Jungs bis zum Schlusspfiff herunter. Danach kannte der Jubel keine Grenzen mehr. Nach der Pokal-\u00dcbergabe an Kapit\u00e4n J\u00f6rn Brasse feierten und sangen die Jungs bis zum sp\u00e4ten Abend im 09-Vereinsheim. Die Gl\u00fcckw\u00fcnsche des Vorstandes an die Mannschaft von Trainer Marco Grebe \u00fcberbrachten Jugendleiter Ralf Detzner sowie vom Hauptvorstand Rainer M\u00fcller und Thomas Malachowski, an die man sich an dieser Stelle nur anschlie\u00dfen kann.<\/p>\n<p>Am Sonntag, den 18. November, verlor aus dem Seniorenbereich nur die zweite Mannschaft. Beim Tabellenf\u00fchrer TuS Vo\u00dfwinkel, der ebenfalls von Marco Grebe trainiert wird, unterlagen die H\u00fcstener mit 0:3, verkauften sich gegen ein Top-Team der Liga aber teuer. Die dritte Mannschaft gewann derweil auch gegen den TuS Oeventrop II mit 3:2 und ist nun schon Tabellensechster mit 25 Punkten. Man liegt nur einen Punkt hinter Rang zwei. Torsch\u00fctze f\u00fcr die Gr\u00fcn-Wei\u00dfen waren Marcel Arndt und Maximilian Kupitz. Au\u00dferdem unterlief Oeventrop II noch ein Eigentor.<\/p>\n<p>Die erste Mannschaft zeigte ein gutes und engagiertes Spiel beim Tabellenf\u00fchrer in Gerlingen.&nbsp;Schade, dass man sich nicht f\u00fcr den guten Auftritt in der zweiten Halbzeit mit drei Punkten belohnen konnte. Den 0:1-Pausenr\u00fcckstand egalisierte Philipp V\u00f6lker in der 53. Minute. Danach vergaben die 09er eine Menge Torchancen und schienen in der 89. Minute auf der Verliererstra\u00dfe zu geraten, als man das 1:2 kassierte. Doch mit einer unb\u00e4ndigen Moral &#8211; wie schon so oft in der laufenden Saison &#8211; gelang Patrick Kampschulte mit einem sehenswerten Kopfball mit dem Schlusspfiff das 2:2 (90.+3). Nach dem spielfreien Wochenende am Totensonntag geht es zum FSV Werdohl, bevor dann der BSV Menden zum Ausklang des Jahres ins Stadion Gro\u00dfe Wiese kommt.<\/p>\n<p>Gl\u00fcckwunsch an alle erfolgreichen 09-Mannschaften. Kopf hoch und weiter machen hei\u00dft der Aufruf an die unterlegenen Mannschaften der 09er.<\/p>\n","protected":false},"excerpt":{"rendered":"<p>Ein Wochenende mit H\u00f6hen und Tiefen f\u00fcr die 09-Mannschaften ist beendet. Die U11 verlor mit 4:5 gegen den TuS Sundern. Auch die U13-Bezirksligamannschaft hatte gegen den FC Iserlohn 46\/49 mit 0:3 das Nachsehen. Die Jungs m\u00fcssen gegen andere Mannschaften die Punkte holen. Der Tabellenzweite war definitiv eine Nummer zu gro\u00df f\u00fcr die Mannschaft von Philipp [&hellip;]<\/p>\n","protected":false},"author":5,"featured_media":5535,"comment_status":"closed","ping_status":"closed","sticky":false,"template":"","format":"standard","meta":[],"categories":[32,33,34,1,45,43,41],"tags":[],"_links":{"self":[{"href":"https:\/\/svhuesten09.de\/web\/wp-json\/wp\/v2\/posts\/11513"}],"collection":[{"href":"https:\/\/svhuesten09.de\/web\/wp-json\/wp\/v2\/posts"}],"about":[{"href":"https:\/\/svhuesten09.de\/web\/wp-json\/wp\/v2\/types\/post"}],"author":[{"embeddable":true,"href":"https:\/\/svhuesten09.de\/web\/wp-json\/wp\/v2\/users\/5"}],"replies":[{"embeddable":true,"href":"https:\/\/svhuesten09.de\/web\/wp-json\/wp\/v2\/comments?post=11513"}],"version-history":[{"count":1,"href":"https:\/\/svhuesten09.de\/web\/wp-json\/wp\/v2\/posts\/11513\/revisions"}],"predecessor-version":[{"id":11514,"href":"https:\/\/svhuesten09.de\/web\/wp-json\/wp\/v2\/posts\/11513\/revisions\/11514"}],"wp:featuredmedia":[{"embeddable":true,"href":"https:\/\/svhuesten09.de\/web\/wp-json\/wp\/v2\/media\/5535"}],"wp:attachment":[{"href":"https:\/\/svhuesten09.de\/web\/wp-json\/wp\/v2\/media?parent=11513"}],"wp:term":[{"taxonomy":"category","embeddable":true,"href":"https:\/\/svhuesten09.de\/web\/wp-json\/wp\/v2\/categories?post=11513"},{"taxonomy":"post_tag","embeddable":true,"href":"https:\/\/svhuesten09.de\/web\/wp-json\/wp\/v2\/tags?post=11513"}],"curies":[{"name":"wp","href":"https:\/\/api.w.org\/{rel}","templated":true}]}}