{"id":1159,"date":"2013-10-16T11:05:55","date_gmt":"2013-10-16T10:05:55","guid":{"rendered":"http:\/\/svhuesten09.de\/web\/?p=1159"},"modified":"2014-02-11T16:37:04","modified_gmt":"2014-02-11T15:37:04","slug":"jungjahrgang-macht-fortschritte-und-holt-ersten-punkt","status":"publish","type":"post","link":"https:\/\/svhuesten09.de\/web\/2013\/10\/16\/jungjahrgang-macht-fortschritte-und-holt-ersten-punkt\/","title":{"rendered":"Jungjahrgang macht Fortschritte und holt ersten Punkt"},"content":{"rendered":"<p>Die U12-Junioren des SV\u00a0H\u00fcsten 09 haben am vergangenen Wochenende den ersten Punkt der Saison 2013|14 eingefahren. Im vierten Saisonspiel kn\u00fcpften die 09er der U13 der JSG\u00a0Beckum\/Holzen\/Eisborn ein 2:2 (2:1)-Remis ab und waren durch Nico Schmitz (22.) und Jannik Posta (26.) erfolgreich, die aus dem 0:1-R\u00fcckstand eine zwischenzeitliche F\u00fchrung machten.<\/p>\n<p>Nach drei Auftaktniederlagen gegen U13-Teams traten die U12-Junioren des SV\u00a0H\u00fcsten 09 gegen die JSG\u00a0Beckum\/Holzen\/Eisborn an und setzten zun\u00e4chst ihren Trend fort. Nach zehn Minuten war Torh\u00fcter Sebastian Becker-Jostes erstmals bezwungen und es stand 1:0 f\u00fcr die Gastgeber. Mit einem Doppelschlag innerhalb von vier Minuten drehten die H\u00fcstener aber kurz vor dem\u00a0Seitenwechsel die Partie. Nico Schmitz traf in der 22. Minute zum Ausgleich, ehe Jannik Posta in der 26. Minute der 2:1-F\u00fchrungstreffer gl\u00fcckte. Gleichzeitig war es der Pausenstand.<\/p>\n<p>Im zweiten\u00a0Durchgang wollten die H\u00fcstener aus einer sicheren Defensive heraus agieren, um der F\u00fchrung weiter Stabilit\u00e4t zu verleihen. Der Druck der Hausherren wurde mit zunehmender Spieldauer immer gr\u00f6\u00dfer, bis schlie\u00dflich in der 44. Minute der Ausgleichstreffer fiel. Davon befl\u00fcgelt dr\u00fcckte die JSG Beckum\/Holzen\/Eisborn in der Schlussviertelstunde auf Siegtreffer, hatte allerdings Pech bei je einem Latten- und Pfostenschuss. So blieb es am\u00a0Ende bei der Punkteteilung.<\/p>\n<p>&#8222;Es ist ein insgesamt etwas gl\u00fccklicher Punkt f\u00fcr uns. Das k\u00f6rperbetonte Spiel in der U13 bereitet unserem Jungjahrgang aktuell noch Probleme, aber es sind Fortschritte zu erkennen, die uns zuversichtlich stimmen&#8220;, sagte das 09-Trainerteam Emma und Kevin Posta nach Spielende.<\/p>\n<p>Zu den U12-Junioren des SV\u00a0H\u00fcsten 09 geh\u00f6ren Sebastian Becker-Jostes, Rodi Thetap, Endrith Berisha, Paul Montforth, Ismail Aydin, Nico Schmitz, Jannik Posta, Hendrik Eickel, Kerem Toptas, Jeremy Perry, Stefan Kampmann, Kaspar Witsch und Nicolas Freudenberg.<\/p>\n","protected":false},"excerpt":{"rendered":"<p>Die U12-Junioren des SV\u00a0H\u00fcsten 09 haben am vergangenen Wochenende den ersten Punkt der Saison 2013|14 eingefahren. Im vierten Saisonspiel kn\u00fcpften die 09er der U13 der JSG\u00a0Beckum\/Holzen\/Eisborn ein 2:2 (2:1)-Remis ab und waren durch Nico Schmitz (22.) und Jannik Posta (26.) erfolgreich, die aus dem 0:1-R\u00fcckstand eine zwischenzeitliche F\u00fchrung machten. Nach drei Auftaktniederlagen gegen U13-Teams traten [&hellip;]<\/p>\n","protected":false},"author":5,"featured_media":1160,"comment_status":"closed","ping_status":"closed","sticky":false,"template":"","format":"standard","meta":[],"categories":[1,44],"tags":[],"_links":{"self":[{"href":"https:\/\/svhuesten09.de\/web\/wp-json\/wp\/v2\/posts\/1159"}],"collection":[{"href":"https:\/\/svhuesten09.de\/web\/wp-json\/wp\/v2\/posts"}],"about":[{"href":"https:\/\/svhuesten09.de\/web\/wp-json\/wp\/v2\/types\/post"}],"author":[{"embeddable":true,"href":"https:\/\/svhuesten09.de\/web\/wp-json\/wp\/v2\/users\/5"}],"replies":[{"embeddable":true,"href":"https:\/\/svhuesten09.de\/web\/wp-json\/wp\/v2\/comments?post=1159"}],"version-history":[{"count":3,"href":"https:\/\/svhuesten09.de\/web\/wp-json\/wp\/v2\/posts\/1159\/revisions"}],"predecessor-version":[{"id":1215,"href":"https:\/\/svhuesten09.de\/web\/wp-json\/wp\/v2\/posts\/1159\/revisions\/1215"}],"wp:featuredmedia":[{"embeddable":true,"href":"https:\/\/svhuesten09.de\/web\/wp-json\/wp\/v2\/media\/1160"}],"wp:attachment":[{"href":"https:\/\/svhuesten09.de\/web\/wp-json\/wp\/v2\/media?parent=1159"}],"wp:term":[{"taxonomy":"category","embeddable":true,"href":"https:\/\/svhuesten09.de\/web\/wp-json\/wp\/v2\/categories?post=1159"},{"taxonomy":"post_tag","embeddable":true,"href":"https:\/\/svhuesten09.de\/web\/wp-json\/wp\/v2\/tags?post=1159"}],"curies":[{"name":"wp","href":"https:\/\/api.w.org\/{rel}","templated":true}]}}