{"id":11981,"date":"2019-06-17T17:13:27","date_gmt":"2019-06-17T15:13:27","guid":{"rendered":"https:\/\/svhuesten09.de\/web\/?p=11981"},"modified":"2019-06-18T03:27:46","modified_gmt":"2019-06-18T01:27:46","slug":"gedaempfte-gemuetslage-nach-auftaktpartien-in-relegation","status":"publish","type":"post","link":"https:\/\/svhuesten09.de\/web\/2019\/06\/17\/gedaempfte-gemuetslage-nach-auftaktpartien-in-relegation\/","title":{"rendered":"Ged\u00e4mpfte Gem\u00fctslage nach Auftaktpartien in Relegation"},"content":{"rendered":"<p>Mit einem 2:2 starteten sowohl die U15 in die Auf- als auch die U19 in die Abstiegsrelegation. Beide Ergebnisse dr\u00fcckten bei den 09ern etwas auf das Gem\u00fct, verspielte man doch jedes Mal eine 2:0-F\u00fchrung in den letzten Minuten der Spielzeit.<\/p>\n<p>Ole Kemb\u00fcgler erzielte beide Treffer f\u00fcr die U15 schon in der ersten Halbzeit, ehe die 09er den Vorsprung nach der Pause noch aus der Hand gaben und die JSG Ottfingen\/Altenhof\/Wenden noch zum Ausgleich kam.<\/p>\n<p>Bei der U19 zeichneten sich Leandro Lampros und Nils Klauke f\u00fcr die Treffer gegen BW Westfalia Langenbochum verantwortlich. Schwer verletzt wurde Julius Oestersporkmann ins Krankenhaus eingeliefert. Eine genaue Diagnose liegt noch nicht vor, jedoch ist der linke Fu\u00df stark angeschwollen. Viele Gr\u00fc\u00dfe an Julius ans Krankenbett von Trainern, Mannschaft und Umfeld sowie gute Besserung von allen 09ern!<\/p>\n<p>Dementsprechend hat sich beim SV H\u00fcsten 09 eine Jetzt-erst-recht-Haltung eingestellt.&nbsp;Weiter gehts f\u00fcr die U15 schon am Dienstag, den 18. Juni, um 19:30 Uhr bei der Vertretung der JSG Eiserfeld\/Eisern. Eisernfeld\/Eisern hat das erste Spiel mit 4:3 in Kierspe gewonnen und damit schon mal ein Ausrufezeichen gesetzt. Einen Grund zum Untersch\u00e4tzen des Gegners ist sicherlich nicht gegeben.<\/p>\n<p>Am Mittwoch, den 19. Juni, wird die U19 wieder gefordert.&nbsp;Um 19:00 Uhr ist man beim SC Herford zu Gast und man muss in jedem Fall eine Niederlage vermeiden. Eventuell setzen die 09er noch einen Bus zum Spiel nach Herford ein.<\/p>\n<p>Wieder volle Pulle f\u00fcr 09 und Julius Oestersporkmann!<\/p>\n","protected":false},"excerpt":{"rendered":"<p>Mit einem 2:2 starteten sowohl die U15 in die Auf- als auch die U19 in die Abstiegsrelegation. Beide Ergebnisse dr\u00fcckten bei den 09ern etwas auf das Gem\u00fct, verspielte man doch jedes Mal eine 2:0-F\u00fchrung in den letzten Minuten der Spielzeit. Ole Kemb\u00fcgler erzielte beide Treffer f\u00fcr die U15 schon in der ersten Halbzeit, ehe die [&hellip;]<\/p>\n","protected":false},"author":5,"featured_media":7858,"comment_status":"closed","ping_status":"closed","sticky":false,"template":"","format":"standard","meta":[],"categories":[1,41,37],"tags":[],"_links":{"self":[{"href":"https:\/\/svhuesten09.de\/web\/wp-json\/wp\/v2\/posts\/11981"}],"collection":[{"href":"https:\/\/svhuesten09.de\/web\/wp-json\/wp\/v2\/posts"}],"about":[{"href":"https:\/\/svhuesten09.de\/web\/wp-json\/wp\/v2\/types\/post"}],"author":[{"embeddable":true,"href":"https:\/\/svhuesten09.de\/web\/wp-json\/wp\/v2\/users\/5"}],"replies":[{"embeddable":true,"href":"https:\/\/svhuesten09.de\/web\/wp-json\/wp\/v2\/comments?post=11981"}],"version-history":[{"count":2,"href":"https:\/\/svhuesten09.de\/web\/wp-json\/wp\/v2\/posts\/11981\/revisions"}],"predecessor-version":[{"id":11985,"href":"https:\/\/svhuesten09.de\/web\/wp-json\/wp\/v2\/posts\/11981\/revisions\/11985"}],"wp:featuredmedia":[{"embeddable":true,"href":"https:\/\/svhuesten09.de\/web\/wp-json\/wp\/v2\/media\/7858"}],"wp:attachment":[{"href":"https:\/\/svhuesten09.de\/web\/wp-json\/wp\/v2\/media?parent=11981"}],"wp:term":[{"taxonomy":"category","embeddable":true,"href":"https:\/\/svhuesten09.de\/web\/wp-json\/wp\/v2\/categories?post=11981"},{"taxonomy":"post_tag","embeddable":true,"href":"https:\/\/svhuesten09.de\/web\/wp-json\/wp\/v2\/tags?post=11981"}],"curies":[{"name":"wp","href":"https:\/\/api.w.org\/{rel}","templated":true}]}}