{"id":12360,"date":"2019-10-11T14:12:37","date_gmt":"2019-10-11T12:12:37","guid":{"rendered":"https:\/\/svhuesten09.de\/web\/?p=12360"},"modified":"2019-10-11T14:12:37","modified_gmt":"2019-10-11T12:12:37","slug":"u17-und-u13-ziehen-ins-pokalfinale-ein","status":"publish","type":"post","link":"https:\/\/svhuesten09.de\/web\/2019\/10\/11\/u17-und-u13-ziehen-ins-pokalfinale-ein\/","title":{"rendered":"U17 und U13 ziehen ins Pokalfinale ein"},"content":{"rendered":"<p>Sowohl die U17- als auch die U13-Junioren des SV H\u00fcsten 09 sind am Donnerstag, den 10. Oktober, ins Endspiel des Kreispokals eingezogen. Beide Mannschaften setzten sich dabei gegen Vertretungen des TuS Sundern durch.<\/p>\n<p>Um 18:00 Uhr trat die U13-Bezirksligamannschaft des SV H\u00fcsten 09 gegen den verlustpunktfreien Tabellenf\u00fchrer der U13-Kreisliga A Arnsberg an. Sundern erwischte dabei den besseren Start und ging bereits nach sechs Minuten in F\u00fchrung. Die H\u00fcstener steigerten sich daraufhin aber von Minute zu Minute und konnten die Partie im zweiten Durchgang durch einen Doppelschlag von Reshit Kastrati (40.) und Mats Koreis (43.) drehen. Diesen Vorsprung brachten die 09er letztlich \u00fcber die Zeit und zogen ins Endspiel ein, wo es am 16. November entweder gegen die JSG Herdringen\/M\u00fcschede oder die JSG Freienohl\/Oeventrop\/Wennemen geht.<\/p>\n<p>Ebenfalls ins Finale hat es die H\u00fcstener U17 geschafft. Nachdem die gr\u00fcn-wei\u00dfe U15 in der vergangenen Saison unter der Leitung von Marco Grebe bereits im Westfalenpokal f\u00fcr Furore gesorgt hatte, gelang nun der U17 mit Marco Grebe an der Seitenlinie eine dicke \u00dcberraschung. Als Tabellenf\u00fchrer der U17-Kreisliga A Arnsberg schalteten die H\u00fcstener den U17-Landesligisten TuS Sundern mit 11:10 nach Elfmeterschie\u00dfen aus und holten in der regul\u00e4ren Spielzeit einen 0:2-R\u00fcckstand auf. Die G\u00e4ste schienen dank der Treffer von Adrian Berkowitz (1.) und Anas Boukidar (55.) bereits auf Finalkurs, doch Linus Coerschulte (60.) und Ole Kemb\u00fcgler (67.) retteten die H\u00fcstener ins Elfmeterschie\u00dfen, wo die 09er die besseren Nerven zeigten.<\/p>\n<p>&#8222;Wir haben die Sensation nach einem Mega-Kraftaufwand und einer grandiosen Teamleistung geschafft. Im Elfmeterschie\u00dfen hatten wir das n\u00f6tige Qu\u00e4ntchen Gl\u00fcck, was man auch braucht, um in so einem Pokalfight weiterzukommen. Riesen Kompliment von uns an unsere Jungs &#8211; wer so zur\u00fcckkommt, hat es mehr als verdient im Finale zu stehen.&nbsp;Man hat das ganze Spiel \u00fcber keinen Zwei-Klassen-Unterschied gesehen&#8220;, freuten sich Marco Grebe und dessen Co-Trainer&nbsp;Carsten Baroth.<\/p>\n","protected":false},"excerpt":{"rendered":"<p>Sowohl die U17- als auch die U13-Junioren des SV H\u00fcsten 09 sind am Donnerstag, den 10. Oktober, ins Endspiel des Kreispokals eingezogen. Beide Mannschaften setzten sich dabei gegen Vertretungen des TuS Sundern durch. Um 18:00 Uhr trat die U13-Bezirksligamannschaft des SV H\u00fcsten 09 gegen den verlustpunktfreien Tabellenf\u00fchrer der U13-Kreisliga A Arnsberg an. Sundern erwischte dabei [&hellip;]<\/p>\n","protected":false},"author":5,"featured_media":11770,"comment_status":"closed","ping_status":"closed","sticky":false,"template":"","format":"standard","meta":[],"categories":[1,43,39],"tags":[],"_links":{"self":[{"href":"https:\/\/svhuesten09.de\/web\/wp-json\/wp\/v2\/posts\/12360"}],"collection":[{"href":"https:\/\/svhuesten09.de\/web\/wp-json\/wp\/v2\/posts"}],"about":[{"href":"https:\/\/svhuesten09.de\/web\/wp-json\/wp\/v2\/types\/post"}],"author":[{"embeddable":true,"href":"https:\/\/svhuesten09.de\/web\/wp-json\/wp\/v2\/users\/5"}],"replies":[{"embeddable":true,"href":"https:\/\/svhuesten09.de\/web\/wp-json\/wp\/v2\/comments?post=12360"}],"version-history":[{"count":1,"href":"https:\/\/svhuesten09.de\/web\/wp-json\/wp\/v2\/posts\/12360\/revisions"}],"predecessor-version":[{"id":12363,"href":"https:\/\/svhuesten09.de\/web\/wp-json\/wp\/v2\/posts\/12360\/revisions\/12363"}],"wp:featuredmedia":[{"embeddable":true,"href":"https:\/\/svhuesten09.de\/web\/wp-json\/wp\/v2\/media\/11770"}],"wp:attachment":[{"href":"https:\/\/svhuesten09.de\/web\/wp-json\/wp\/v2\/media?parent=12360"}],"wp:term":[{"taxonomy":"category","embeddable":true,"href":"https:\/\/svhuesten09.de\/web\/wp-json\/wp\/v2\/categories?post=12360"},{"taxonomy":"post_tag","embeddable":true,"href":"https:\/\/svhuesten09.de\/web\/wp-json\/wp\/v2\/tags?post=12360"}],"curies":[{"name":"wp","href":"https:\/\/api.w.org\/{rel}","templated":true}]}}