{"id":12647,"date":"2020-02-28T11:00:16","date_gmt":"2020-02-28T10:00:16","guid":{"rendered":"https:\/\/svhuesten09.de\/web\/?p=12647"},"modified":"2020-02-28T11:00:16","modified_gmt":"2020-02-28T10:00:16","slug":"09-wochenende-im-schnelldurchlauf-40","status":"publish","type":"post","link":"https:\/\/svhuesten09.de\/web\/2020\/02\/28\/09-wochenende-im-schnelldurchlauf-40\/","title":{"rendered":"09-Wochenende im Schnelldurchlauf"},"content":{"rendered":"<p>Am Freitag, den 28. Februar, gastiert die U19 des SV H\u00fcsten 09 bei der SG Holzen\/Eisborn. Um 19:00 Uhr trifft der Tabellenf\u00fchrer der Kreisliga Arnsberg auf den Tabellenletzten.<\/p>\n<p>Am Samstag, den 29. Februar, spielt die U14 um 11:15 Uhr gegen die JSG GW Arnsberg\/Arnsberg 09\/Giersk\u00e4mpen\/Rumbeck auf dem Kunstrasenplatz am Stadion Gro\u00dfe Wiese. Anschlie\u00dfend k\u00e4mpft die U12 gegen den TuS Sundern II um drei Punkte. Die U13-Bezirksligamannschaft gastiert bei der Hammer SpVgg und die U15 bei RW L\u00fcdenscheid.<\/p>\n<p>Am Sonntag, den 01. M\u00e4rz, geht es am Stadion Gro\u00dfe Wiese um 11:00 Uhr los. Die U17 will nach der ungl\u00fccklichen 2:3-Niederlage am vergangenen Wochenende im Westfalenpokal gegen Eintracht Rheine zeigen, dass die Aufstiegsrunde nur \u00fcber die gr\u00fcn-wei\u00dfen Farben geht. Gegner am Stadion Gro\u00dfe Wiese ist die JSG Affeln\/Langenholthausen\/Beckum.<\/p>\n<p>Die dritte Seniorenmannschaft hat bei TuRa Freienohl II ein Ausw\u00e4rtsspiel vor der Brust. Die zweite Mannschaft bekommt es um 13:00 Uhr mit dem SV Affeln zu tun. Man wird alles tun, um wieder einen Dreier auf Punktekonto zu bekommen.<\/p>\n<p>Endlich los geht es auch f\u00fcr das Aush\u00e4ngeschild der Gr\u00fcn Wei\u00dfen. Die erste Mannschaft bekommt es zum Restrundenstart mit der starken Mannschaft von RW Erlinghausen zu tun. Die Watzke-Elf kann noch ins Titelrennen der Landesliga Staffel 2 eingreifen, darum wird die Mannschaft von Trainer Vaidas Petrauskas in H\u00fcsten auch auf Sieg spielen. Jedoch werden die M\u00e4nner von Klaus Borschel alles in die Waagschale werfen, um die Punkte in H\u00fcsten zu behalten. Fest steht, dass das Spiel auf dem Kunstrasenplatz am Stadion Gro\u00dfe Wiese ausgetragen wird. Der Rasenplatz und die vorhergesagten Wetteraussichten lassen ein Spiel auf dem Gel\u00e4uf momentan nicht zu. Ansto\u00df der hochinteressanten Partie ist um 15:15 Uhr.<\/p>\n<p>Also M\u00e4nner, auf geht&#8217;s: Volle Pulle f\u00fcr 09!<\/p>\n","protected":false},"excerpt":{"rendered":"<p>Am Freitag, den 28. Februar, gastiert die U19 des SV H\u00fcsten 09 bei der SG Holzen\/Eisborn. Um 19:00 Uhr trifft der Tabellenf\u00fchrer der Kreisliga Arnsberg auf den Tabellenletzten. Am Samstag, den 29. Februar, spielt die U14 um 11:15 Uhr gegen die JSG GW Arnsberg\/Arnsberg 09\/Giersk\u00e4mpen\/Rumbeck auf dem Kunstrasenplatz am Stadion Gro\u00dfe Wiese. Anschlie\u00dfend k\u00e4mpft die [&hellip;]<\/p>\n","protected":false},"author":5,"featured_media":11699,"comment_status":"closed","ping_status":"closed","sticky":false,"template":"","format":"standard","meta":[],"categories":[32,33,34,1,44,43,42,41,39,37],"tags":[],"_links":{"self":[{"href":"https:\/\/svhuesten09.de\/web\/wp-json\/wp\/v2\/posts\/12647"}],"collection":[{"href":"https:\/\/svhuesten09.de\/web\/wp-json\/wp\/v2\/posts"}],"about":[{"href":"https:\/\/svhuesten09.de\/web\/wp-json\/wp\/v2\/types\/post"}],"author":[{"embeddable":true,"href":"https:\/\/svhuesten09.de\/web\/wp-json\/wp\/v2\/users\/5"}],"replies":[{"embeddable":true,"href":"https:\/\/svhuesten09.de\/web\/wp-json\/wp\/v2\/comments?post=12647"}],"version-history":[{"count":1,"href":"https:\/\/svhuesten09.de\/web\/wp-json\/wp\/v2\/posts\/12647\/revisions"}],"predecessor-version":[{"id":12650,"href":"https:\/\/svhuesten09.de\/web\/wp-json\/wp\/v2\/posts\/12647\/revisions\/12650"}],"wp:featuredmedia":[{"embeddable":true,"href":"https:\/\/svhuesten09.de\/web\/wp-json\/wp\/v2\/media\/11699"}],"wp:attachment":[{"href":"https:\/\/svhuesten09.de\/web\/wp-json\/wp\/v2\/media?parent=12647"}],"wp:term":[{"taxonomy":"category","embeddable":true,"href":"https:\/\/svhuesten09.de\/web\/wp-json\/wp\/v2\/categories?post=12647"},{"taxonomy":"post_tag","embeddable":true,"href":"https:\/\/svhuesten09.de\/web\/wp-json\/wp\/v2\/tags?post=12647"}],"curies":[{"name":"wp","href":"https:\/\/api.w.org\/{rel}","templated":true}]}}