{"id":12666,"date":"2020-03-03T10:00:22","date_gmt":"2020-03-03T09:00:22","guid":{"rendered":"https:\/\/svhuesten09.de\/web\/?p=12666"},"modified":"2020-03-02T17:40:04","modified_gmt":"2020-03-02T16:40:04","slug":"sv-huesten-09-stellt-jugend-trainer-der-leistungskader-202021-vor","status":"publish","type":"post","link":"https:\/\/svhuesten09.de\/web\/2020\/03\/03\/sv-huesten-09-stellt-jugend-trainer-der-leistungskader-202021-vor\/","title":{"rendered":"SV H\u00fcsten 09 stellt Jugend-Trainer der Leistungskader 2020|21 vor"},"content":{"rendered":"<p>Die Vorbereitung auf die Saison 2020|21 ist f\u00fcr die Leistungskader des SV H\u00fcsten 09 abgeschlossen. F\u00fcr die Teams U19, U17, U15 und U13 stellte die Jugendabteilung jetzt die Trainer f\u00fcr die kommende Spielzeit vor.<\/p>\n<p>Die U19 wird von den &#8222;Heimkehrern&#8220; Ufuk \u00dczel und Pino Benevento trainiert. Momentan ist das Team Tabellenf\u00fchrer der Kreisliga A Arnsberg und befindet sich auf Meisterkurs.<\/p>\n<p>Die U17 bleibt weiter in der Verantwortung von Erfolgstrainer Marco Grebe. Der Co-Trainer wird nach Verpflichtung bekanntgegeben. Das Team ist ebenfalls Tabellenf\u00fchrer der Kreisliga A Arnsberg und m\u00f6chte das Kunstst\u00fcck schaffen, als Jungjahrgang in die Bezirksliga aufzusteigen.<\/p>\n<p>Das U15-Bezirksligateam wird in der kommenden Saison vom bisherigen U13-Trainerteam Klaus Bunar und Leon Fehr trainiert. Die U15 steht momentan im Mittelfeld der Bezirksliga und plant bereits f\u00fcr die dritte Bezirksligasaison in Folge.<\/p>\n<p>Das U13-Bezirksligateam \u00fcbernehmen die bisherigen U15-Trainer Lars Detzner und Philipp Mayer. Auch in der U13 wird bereits an dem Bezirksligakader der kommenden Saison gearbeitet.<\/p>\n","protected":false},"excerpt":{"rendered":"<p>Die Vorbereitung auf die Saison 2020|21 ist f\u00fcr die Leistungskader des SV H\u00fcsten 09 abgeschlossen. F\u00fcr die Teams U19, U17, U15 und U13 stellte die Jugendabteilung jetzt die Trainer f\u00fcr die kommende Spielzeit vor. Die U19 wird von den &#8222;Heimkehrern&#8220; Ufuk \u00dczel und Pino Benevento trainiert. Momentan ist das Team Tabellenf\u00fchrer der Kreisliga A Arnsberg [&hellip;]<\/p>\n","protected":false},"author":5,"featured_media":5800,"comment_status":"closed","ping_status":"closed","sticky":false,"template":"","format":"standard","meta":[],"categories":[1,43,41,39,37],"tags":[],"_links":{"self":[{"href":"https:\/\/svhuesten09.de\/web\/wp-json\/wp\/v2\/posts\/12666"}],"collection":[{"href":"https:\/\/svhuesten09.de\/web\/wp-json\/wp\/v2\/posts"}],"about":[{"href":"https:\/\/svhuesten09.de\/web\/wp-json\/wp\/v2\/types\/post"}],"author":[{"embeddable":true,"href":"https:\/\/svhuesten09.de\/web\/wp-json\/wp\/v2\/users\/5"}],"replies":[{"embeddable":true,"href":"https:\/\/svhuesten09.de\/web\/wp-json\/wp\/v2\/comments?post=12666"}],"version-history":[{"count":2,"href":"https:\/\/svhuesten09.de\/web\/wp-json\/wp\/v2\/posts\/12666\/revisions"}],"predecessor-version":[{"id":12668,"href":"https:\/\/svhuesten09.de\/web\/wp-json\/wp\/v2\/posts\/12666\/revisions\/12668"}],"wp:featuredmedia":[{"embeddable":true,"href":"https:\/\/svhuesten09.de\/web\/wp-json\/wp\/v2\/media\/5800"}],"wp:attachment":[{"href":"https:\/\/svhuesten09.de\/web\/wp-json\/wp\/v2\/media?parent=12666"}],"wp:term":[{"taxonomy":"category","embeddable":true,"href":"https:\/\/svhuesten09.de\/web\/wp-json\/wp\/v2\/categories?post=12666"},{"taxonomy":"post_tag","embeddable":true,"href":"https:\/\/svhuesten09.de\/web\/wp-json\/wp\/v2\/tags?post=12666"}],"curies":[{"name":"wp","href":"https:\/\/api.w.org\/{rel}","templated":true}]}}