{"id":12670,"date":"2020-03-06T09:00:31","date_gmt":"2020-03-06T08:00:31","guid":{"rendered":"https:\/\/svhuesten09.de\/web\/?p=12670"},"modified":"2020-03-05T18:14:17","modified_gmt":"2020-03-05T17:14:17","slug":"09-wochenende-im-schnelldurchlauf-41","status":"publish","type":"post","link":"https:\/\/svhuesten09.de\/web\/2020\/03\/06\/09-wochenende-im-schnelldurchlauf-41\/","title":{"rendered":"09-Wochenende im Schnelldurchlauf"},"content":{"rendered":"<p>Im Blickpunkt steht am Freitag, den 06. M\u00e4rz, um 19:30 Uhr die Generalversammlung des SV H\u00fcsten 09, welche im Vereinsheim am Stadion Gro\u00dfe Wiese stattfindet. Neben Wahlen, Ver\u00e4nderungen im Jugendbereich und Ehrungen verdienter Mitglieder stehen sicherlich auch Themen zur Diskussion, wobei sich die Verantwortlichen mit immer gr\u00f6\u00dfer werdenden Herausforderungen konfrontiert sehen. Alle 09-Mitglieder sind zur Generalversammlung herzlichst eingeladen und der Vorstand hofft auf eine m\u00f6glichst gro\u00dfe Resonanz.<\/p>\n<p>Sportlich ist am Freitagabend auch die U19 im Einsatz, die die Tabellenf\u00fchrung auf dem Kunstrasenplatz am Stadion Gro\u00dfe Wiese um 19:30 Uhr gegen die JSG Niedereimer\/Bruchhausen verteidigen will.<\/p>\n<p>Am Samstag, den 07. M\u00e4rz, geht es in H\u00fcsten um 11:45 Uhr weiter, wenn die U12 auf den SV Bachum\/Bergheim trifft. Die U13-Bezirksligamannschaft geht anschlie\u00dfend um 13:30 Uhr gegen den SC Verl auf Punktejagd. Am Sonntag, den 08. M\u00e4rz, ist die U17 um 10:30 Uhr bei der JSG Herdringen\/M\u00fcschede der Favorit. Die dritte Mannschaft bestreitet ihr Heimspiel um 13:00 Uhr gegen die SG Herdringen\/M\u00fcschede II. Au\u00dferdem w\u00fcnschen sich J\u00f6rg Fischer und Peter Strojnowski nach zwei Unentschieden mit der zweiten Mannschaft endlich einen Dreier. Gegner um 15:00 Uhr ist die DJK GW Arnsberg auf dem Schreppenberg.<\/p>\n<p>Das Spiel der Spiele bestreitet aber die H\u00fcstener Landesligamannschaft beim FSV Werdohl. Will die Borschel-Elf nicht noch tiefer in die Abstiegsregionen rutschen, dann muss in Werdohl gepunktet werden. Bei der Verletztenliste, zu der sich zuletzt gegen RW Erlinghausen mindestens Lukas Gebhardt noch hinzugesellt hat, wird dieses Unterfangen mehr als schwierig. Beim FSV Werdohl muss mit Kampf und Leidenschaft alles in die Waagschale geworfen werden.<\/p>\n<p>In dem Sinne: 09er, unterst\u00fctzt die Mannschaften bei ihren Spielen!<\/p>\n<p>Gl\u00fcck auf, 09!<\/p>\n","protected":false},"excerpt":{"rendered":"<p>Im Blickpunkt steht am Freitag, den 06. M\u00e4rz, um 19:30 Uhr die Generalversammlung des SV H\u00fcsten 09, welche im Vereinsheim am Stadion Gro\u00dfe Wiese stattfindet. Neben Wahlen, Ver\u00e4nderungen im Jugendbereich und Ehrungen verdienter Mitglieder stehen sicherlich auch Themen zur Diskussion, wobei sich die Verantwortlichen mit immer gr\u00f6\u00dfer werdenden Herausforderungen konfrontiert sehen. Alle 09-Mitglieder sind zur [&hellip;]<\/p>\n","protected":false},"author":5,"featured_media":3404,"comment_status":"closed","ping_status":"closed","sticky":false,"template":"","format":"standard","meta":[],"categories":[32,33,34,1,44,43,39,37],"tags":[],"_links":{"self":[{"href":"https:\/\/svhuesten09.de\/web\/wp-json\/wp\/v2\/posts\/12670"}],"collection":[{"href":"https:\/\/svhuesten09.de\/web\/wp-json\/wp\/v2\/posts"}],"about":[{"href":"https:\/\/svhuesten09.de\/web\/wp-json\/wp\/v2\/types\/post"}],"author":[{"embeddable":true,"href":"https:\/\/svhuesten09.de\/web\/wp-json\/wp\/v2\/users\/5"}],"replies":[{"embeddable":true,"href":"https:\/\/svhuesten09.de\/web\/wp-json\/wp\/v2\/comments?post=12670"}],"version-history":[{"count":1,"href":"https:\/\/svhuesten09.de\/web\/wp-json\/wp\/v2\/posts\/12670\/revisions"}],"predecessor-version":[{"id":12671,"href":"https:\/\/svhuesten09.de\/web\/wp-json\/wp\/v2\/posts\/12670\/revisions\/12671"}],"wp:featuredmedia":[{"embeddable":true,"href":"https:\/\/svhuesten09.de\/web\/wp-json\/wp\/v2\/media\/3404"}],"wp:attachment":[{"href":"https:\/\/svhuesten09.de\/web\/wp-json\/wp\/v2\/media?parent=12670"}],"wp:term":[{"taxonomy":"category","embeddable":true,"href":"https:\/\/svhuesten09.de\/web\/wp-json\/wp\/v2\/categories?post=12670"},{"taxonomy":"post_tag","embeddable":true,"href":"https:\/\/svhuesten09.de\/web\/wp-json\/wp\/v2\/tags?post=12670"}],"curies":[{"name":"wp","href":"https:\/\/api.w.org\/{rel}","templated":true}]}}