{"id":12804,"date":"2020-06-25T13:55:56","date_gmt":"2020-06-25T11:55:56","guid":{"rendered":"https:\/\/svhuesten09.de\/web\/?p=12804"},"modified":"2020-06-25T13:55:56","modified_gmt":"2020-06-25T11:55:56","slug":"u17-geht-mit-neuem-trainerteam-in-die-saison-202021","status":"publish","type":"post","link":"https:\/\/svhuesten09.de\/web\/2020\/06\/25\/u17-geht-mit-neuem-trainerteam-in-die-saison-202021\/","title":{"rendered":"U17 geht mit neuem Trainerteam in die Saison 2020|21"},"content":{"rendered":"<p>Die U17-Junioren des SV H\u00fcsten 09, die aufgrund des Saisonabbruchs in die Bezirksliga aufgestiegen sind, gehen mit einem neuen Trainerteam in die Saison 2020|21. Chef-Trainer bleibt Marco Grebe, der in Zukunft auf die Unterst\u00fctzung der Co-Trainer Thomas Vogt und Timo J\u00fcrgens bauen kann.<\/p>\n<p>&#8222;Ich freue mich sehr, dass mich Thomas Vogt und Timo J\u00fcrgens in der kommenden Saison als Co-Trainer unterst\u00fctzen. Thomas Vogt hat bereits die B-Lizenz und Timo J\u00fcrgens ist aktuell dabei, die B-Lizenz zu erwerben. Beide haben eine 09-Vergangenheit und bereichern das Trainerteam nicht nur durch ihr Fachwissen, sondern auch durch ihren Charakter&#8220;, sagt Marco Grebe.<\/p>\n<p>Thomas Vogt bildete in der Vergangenheit bereits mit Marco Grebe ein Trainerduo, das sich gemeinsam f\u00fcr die zweite Seniorenmannschaft des SV H\u00fcsten 09 verantwortlich zeigte. Timo J\u00fcrgens spielte einige Jahre im Nachwuchsbereich der Gr\u00fcn-Wei\u00dfen und ist aktuell Spieler beim Bezirksligisten TuS Vo\u00dfwinkel.<\/p>\n","protected":false},"excerpt":{"rendered":"<p>Die U17-Junioren des SV H\u00fcsten 09, die aufgrund des Saisonabbruchs in die Bezirksliga aufgestiegen sind, gehen mit einem neuen Trainerteam in die Saison 2020|21. Chef-Trainer bleibt Marco Grebe, der in Zukunft auf die Unterst\u00fctzung der Co-Trainer Thomas Vogt und Timo J\u00fcrgens bauen kann. &#8222;Ich freue mich sehr, dass mich Thomas Vogt und Timo J\u00fcrgens in [&hellip;]<\/p>\n","protected":false},"author":5,"featured_media":6599,"comment_status":"closed","ping_status":"closed","sticky":false,"template":"","format":"standard","meta":[],"categories":[1,39],"tags":[],"_links":{"self":[{"href":"https:\/\/svhuesten09.de\/web\/wp-json\/wp\/v2\/posts\/12804"}],"collection":[{"href":"https:\/\/svhuesten09.de\/web\/wp-json\/wp\/v2\/posts"}],"about":[{"href":"https:\/\/svhuesten09.de\/web\/wp-json\/wp\/v2\/types\/post"}],"author":[{"embeddable":true,"href":"https:\/\/svhuesten09.de\/web\/wp-json\/wp\/v2\/users\/5"}],"replies":[{"embeddable":true,"href":"https:\/\/svhuesten09.de\/web\/wp-json\/wp\/v2\/comments?post=12804"}],"version-history":[{"count":1,"href":"https:\/\/svhuesten09.de\/web\/wp-json\/wp\/v2\/posts\/12804\/revisions"}],"predecessor-version":[{"id":12805,"href":"https:\/\/svhuesten09.de\/web\/wp-json\/wp\/v2\/posts\/12804\/revisions\/12805"}],"wp:featuredmedia":[{"embeddable":true,"href":"https:\/\/svhuesten09.de\/web\/wp-json\/wp\/v2\/media\/6599"}],"wp:attachment":[{"href":"https:\/\/svhuesten09.de\/web\/wp-json\/wp\/v2\/media?parent=12804"}],"wp:term":[{"taxonomy":"category","embeddable":true,"href":"https:\/\/svhuesten09.de\/web\/wp-json\/wp\/v2\/categories?post=12804"},{"taxonomy":"post_tag","embeddable":true,"href":"https:\/\/svhuesten09.de\/web\/wp-json\/wp\/v2\/tags?post=12804"}],"curies":[{"name":"wp","href":"https:\/\/api.w.org\/{rel}","templated":true}]}}