{"id":13108,"date":"2020-11-18T11:53:24","date_gmt":"2020-11-18T10:53:24","guid":{"rendered":"https:\/\/svhuesten09.de\/web\/?p=13108"},"modified":"2020-11-18T11:53:24","modified_gmt":"2020-11-18T10:53:24","slug":"09-teams-haben-ab-sofort-winterpause","status":"publish","type":"post","link":"https:\/\/svhuesten09.de\/web\/2020\/11\/18\/09-teams-haben-ab-sofort-winterpause\/","title":{"rendered":"09-Teams haben ab sofort Winterpause"},"content":{"rendered":"<p>Der Fu\u00dfball- und Leichtathletikverband Westfalen schickt seine Vereine vorzeitig in die Winterpause. Nachdem die spielleitenden Stellen den Spielbetrieb bereits f\u00fcr den November absetzen mussten, wird der Ball in Westfalen auch im Dezember nicht mehr rollen. Das hat der Verbands-Fu\u00dfball-Ausschuss am Dienstagabend in einer gemeinsamen Videokonferenz mit Vertretern des Verbands-Jugend-Ausschusses und den Vorsitzenden der 29 FLVW-Kreise beschlossen. Die Vereinbarung gilt f\u00fcr alle Amateur- und Jugendspielklassen sowie Freundschaftsspiele auf Verbands- und Kreisebene.<\/p>\n<p>\u201eNach den j\u00fcngsten Einsch\u00e4tzungen der Bundes- und Landesregierung ist nicht realistisch zu erwarten, dass der Spielbetrieb im Amateur- und Jugendbereich noch in diesem Jahr wieder zugelassen wird. Wir haben uns deshalb entschlossen, im Dezember keine Spiele anzusetzen\u201c, betonen der VFA-Vorsitzende Reinhold Spohn und der f\u00fcr den Jugendfu\u00dfball verantwortliche Vizepr\u00e4sident Holger Bellinghoff. Wann die Saison fortgesetzt wird, h\u00e4ngt ma\u00dfgeblich vom Infektionsgeschehen und den politischen Entscheidungen ab. Manfred Schnieders: \u201eDenkbar ist eine verk\u00fcrzte Winterpause und ein fr\u00fcherer Re-Start im Januar\u201c, besch\u00e4ftigen sich der FLVW-Vizepr\u00e4sident Amateurfu\u00dfball, der VFA und die Verantwortlichen im Jugendbereich bereits mit Anpassungen des Rahmenterminkalenders. Unver\u00e4ndert gilt, dass man den Vereinen eine mindestens zweiw\u00f6chige Vorbereitungszeit einr\u00e4umen wird.<\/p>\n<p>Pr\u00e4sident Gundolf Walaschewski begr\u00fc\u00dft die gemeinsam getroffene Entscheidung: \u201eEs ist dringend geboten, einerseits den Vereinen Planungssicherheit zu geben und andererseits der Gesellschaft zu signalisieren, dass wir den Vorgaben der Politik unbedingt folgen werden und nicht st\u00e4ndig um privilegierte Regelungen f\u00fcr den Fu\u00dfball nachsuchen.\u201c<\/p>\n","protected":false},"excerpt":{"rendered":"<p>Der Fu\u00dfball- und Leichtathletikverband Westfalen schickt seine Vereine vorzeitig in die Winterpause. Nachdem die spielleitenden Stellen den Spielbetrieb bereits f\u00fcr den November absetzen mussten, wird der Ball in Westfalen auch im Dezember nicht mehr rollen. Das hat der Verbands-Fu\u00dfball-Ausschuss am Dienstagabend in einer gemeinsamen Videokonferenz mit Vertretern des Verbands-Jugend-Ausschusses und den Vorsitzenden der 29 FLVW-Kreise [&hellip;]<\/p>\n","protected":false},"author":5,"featured_media":601,"comment_status":"closed","ping_status":"closed","sticky":false,"template":"","format":"standard","meta":[],"categories":[32,33,34,1,55,54,135,46,45,44,43,42,41,40,39,38,37,49,48,47],"tags":[],"_links":{"self":[{"href":"https:\/\/svhuesten09.de\/web\/wp-json\/wp\/v2\/posts\/13108"}],"collection":[{"href":"https:\/\/svhuesten09.de\/web\/wp-json\/wp\/v2\/posts"}],"about":[{"href":"https:\/\/svhuesten09.de\/web\/wp-json\/wp\/v2\/types\/post"}],"author":[{"embeddable":true,"href":"https:\/\/svhuesten09.de\/web\/wp-json\/wp\/v2\/users\/5"}],"replies":[{"embeddable":true,"href":"https:\/\/svhuesten09.de\/web\/wp-json\/wp\/v2\/comments?post=13108"}],"version-history":[{"count":1,"href":"https:\/\/svhuesten09.de\/web\/wp-json\/wp\/v2\/posts\/13108\/revisions"}],"predecessor-version":[{"id":13109,"href":"https:\/\/svhuesten09.de\/web\/wp-json\/wp\/v2\/posts\/13108\/revisions\/13109"}],"wp:featuredmedia":[{"embeddable":true,"href":"https:\/\/svhuesten09.de\/web\/wp-json\/wp\/v2\/media\/601"}],"wp:attachment":[{"href":"https:\/\/svhuesten09.de\/web\/wp-json\/wp\/v2\/media?parent=13108"}],"wp:term":[{"taxonomy":"category","embeddable":true,"href":"https:\/\/svhuesten09.de\/web\/wp-json\/wp\/v2\/categories?post=13108"},{"taxonomy":"post_tag","embeddable":true,"href":"https:\/\/svhuesten09.de\/web\/wp-json\/wp\/v2\/tags?post=13108"}],"curies":[{"name":"wp","href":"https:\/\/api.w.org\/{rel}","templated":true}]}}