{"id":13158,"date":"2021-02-03T15:36:30","date_gmt":"2021-02-03T14:36:30","guid":{"rendered":"https:\/\/svhuesten09.de\/web\/?p=13158"},"modified":"2021-02-07T17:13:53","modified_gmt":"2021-02-07T16:13:53","slug":"u17-rueckt-im-sommer-geschlossen-in-die-u19-auf","status":"publish","type":"post","link":"https:\/\/svhuesten09.de\/web\/2021\/02\/03\/u17-rueckt-im-sommer-geschlossen-in-die-u19-auf\/","title":{"rendered":"U17 r\u00fcckt im Sommer geschlossen in die U19 auf"},"content":{"rendered":"<p>Die U17-Junioren des SV H\u00fcsten 09, die mit Trainer Marco Grebe aktuell verlustpunktfrei die Tabelle der U17-Bezirksliga Staffel 5 anf\u00fchren, werden in der kommenden Spielzeit in personell gleicher Besetzung auch in der U19 des geplanten JFV LZ Neheim-H\u00fcsten spielen. Alle Spieler des aktuellen Kaders haben Marco Grebe die Zusage f\u00fcr die Saison 2021|22 gegeben.<\/p>\n<p>&#8222;Ich freue mich, dass wir den langen Weg, den wir gemeinsam schon zur\u00fcckgelegt haben, auch in Zukunft zusammen fortsetzen werden&#8220;, sagt Marco Grebe.&nbsp;Erhalten bleiben dem Verein aus dem aktuellen U17-Kader auch&nbsp;Dustin Padberg,&nbsp;David Sch\u00f6rmann und&nbsp;Salvo Cadiri, die altersbedingt aber in der U17 bleiben werden.<\/p>\n","protected":false},"excerpt":{"rendered":"<p>Die U17-Junioren des SV H\u00fcsten 09, die mit Trainer Marco Grebe aktuell verlustpunktfrei die Tabelle der U17-Bezirksliga Staffel 5 anf\u00fchren, werden in der kommenden Spielzeit in personell gleicher Besetzung auch in der U19 des geplanten JFV LZ Neheim-H\u00fcsten spielen. Alle Spieler des aktuellen Kaders haben Marco Grebe die Zusage f\u00fcr die Saison 2021|22 gegeben. &#8222;Ich [&hellip;]<\/p>\n","protected":false},"author":5,"featured_media":5535,"comment_status":"closed","ping_status":"closed","sticky":false,"template":"","format":"standard","meta":[],"categories":[1,39],"tags":[],"_links":{"self":[{"href":"https:\/\/svhuesten09.de\/web\/wp-json\/wp\/v2\/posts\/13158"}],"collection":[{"href":"https:\/\/svhuesten09.de\/web\/wp-json\/wp\/v2\/posts"}],"about":[{"href":"https:\/\/svhuesten09.de\/web\/wp-json\/wp\/v2\/types\/post"}],"author":[{"embeddable":true,"href":"https:\/\/svhuesten09.de\/web\/wp-json\/wp\/v2\/users\/5"}],"replies":[{"embeddable":true,"href":"https:\/\/svhuesten09.de\/web\/wp-json\/wp\/v2\/comments?post=13158"}],"version-history":[{"count":3,"href":"https:\/\/svhuesten09.de\/web\/wp-json\/wp\/v2\/posts\/13158\/revisions"}],"predecessor-version":[{"id":13178,"href":"https:\/\/svhuesten09.de\/web\/wp-json\/wp\/v2\/posts\/13158\/revisions\/13178"}],"wp:featuredmedia":[{"embeddable":true,"href":"https:\/\/svhuesten09.de\/web\/wp-json\/wp\/v2\/media\/5535"}],"wp:attachment":[{"href":"https:\/\/svhuesten09.de\/web\/wp-json\/wp\/v2\/media?parent=13158"}],"wp:term":[{"taxonomy":"category","embeddable":true,"href":"https:\/\/svhuesten09.de\/web\/wp-json\/wp\/v2\/categories?post=13158"},{"taxonomy":"post_tag","embeddable":true,"href":"https:\/\/svhuesten09.de\/web\/wp-json\/wp\/v2\/tags?post=13158"}],"curies":[{"name":"wp","href":"https:\/\/api.w.org\/{rel}","templated":true}]}}