{"id":13207,"date":"2021-03-26T07:24:57","date_gmt":"2021-03-26T06:24:57","guid":{"rendered":"https:\/\/svhuesten09.de\/web\/?p=13207"},"modified":"2021-03-26T07:24:57","modified_gmt":"2021-03-26T06:24:57","slug":"zwei-weitere-u19-spieler-ruecken-in-den-landesligakader-auf","status":"publish","type":"post","link":"https:\/\/svhuesten09.de\/web\/2021\/03\/26\/zwei-weitere-u19-spieler-ruecken-in-den-landesligakader-auf\/","title":{"rendered":"Zwei weitere U19-Spieler r\u00fccken in den Landesligakader auf"},"content":{"rendered":"<p>Der SV H\u00fcsten 09 nimmt ab Sommer zwei weitere Spieler aus der vereinseigenen U19 mit in den Landesligakader. Nach Torwart Sebastian Becker-Jostes erhalten auch Abwehrspieler Kerem Toptas und St\u00fcrmer Vincenzo Perri unter Trainer J\u00f6rg Fischer die Chance, sich ihren Platz im H\u00fcstener Landesligaaufgebot zu erk\u00e4mpfen.<\/p>\n<p>\u201eIch freue mich, dass wir unsere Philosophie weiter verfolgen und jungen Spielern aus dem eigenen Nachwuchs die M\u00f6glichkeit geben. Die Jungs haben das n\u00f6tige Talent, um den Sprung zu schaffen\u201c, sagt H\u00fcstens Fu\u00dfball-Abteilungsleiter Thomas Malachowski.<\/p>\n","protected":false},"excerpt":{"rendered":"<p>Der SV H\u00fcsten 09 nimmt ab Sommer zwei weitere Spieler aus der vereinseigenen U19 mit in den Landesligakader. Nach Torwart Sebastian Becker-Jostes erhalten auch Abwehrspieler Kerem Toptas und St\u00fcrmer Vincenzo Perri unter Trainer J\u00f6rg Fischer die Chance, sich ihren Platz im H\u00fcstener Landesligaaufgebot zu erk\u00e4mpfen. \u201eIch freue mich, dass wir unsere Philosophie weiter verfolgen und [&hellip;]<\/p>\n","protected":false},"author":5,"featured_media":8007,"comment_status":"closed","ping_status":"closed","sticky":false,"template":"","format":"standard","meta":[],"categories":[32,1,37],"tags":[],"_links":{"self":[{"href":"https:\/\/svhuesten09.de\/web\/wp-json\/wp\/v2\/posts\/13207"}],"collection":[{"href":"https:\/\/svhuesten09.de\/web\/wp-json\/wp\/v2\/posts"}],"about":[{"href":"https:\/\/svhuesten09.de\/web\/wp-json\/wp\/v2\/types\/post"}],"author":[{"embeddable":true,"href":"https:\/\/svhuesten09.de\/web\/wp-json\/wp\/v2\/users\/5"}],"replies":[{"embeddable":true,"href":"https:\/\/svhuesten09.de\/web\/wp-json\/wp\/v2\/comments?post=13207"}],"version-history":[{"count":1,"href":"https:\/\/svhuesten09.de\/web\/wp-json\/wp\/v2\/posts\/13207\/revisions"}],"predecessor-version":[{"id":13208,"href":"https:\/\/svhuesten09.de\/web\/wp-json\/wp\/v2\/posts\/13207\/revisions\/13208"}],"wp:featuredmedia":[{"embeddable":true,"href":"https:\/\/svhuesten09.de\/web\/wp-json\/wp\/v2\/media\/8007"}],"wp:attachment":[{"href":"https:\/\/svhuesten09.de\/web\/wp-json\/wp\/v2\/media?parent=13207"}],"wp:term":[{"taxonomy":"category","embeddable":true,"href":"https:\/\/svhuesten09.de\/web\/wp-json\/wp\/v2\/categories?post=13207"},{"taxonomy":"post_tag","embeddable":true,"href":"https:\/\/svhuesten09.de\/web\/wp-json\/wp\/v2\/tags?post=13207"}],"curies":[{"name":"wp","href":"https:\/\/api.w.org\/{rel}","templated":true}]}}