{"id":13259,"date":"2021-06-11T15:22:55","date_gmt":"2021-06-11T13:22:55","guid":{"rendered":"https:\/\/svhuesten09.de\/web\/?p=13259"},"modified":"2021-06-12T15:23:12","modified_gmt":"2021-06-12T13:23:12","slug":"meisterschaftsbeginn-ist-erst-am-29-august","status":"publish","type":"post","link":"https:\/\/svhuesten09.de\/web\/2021\/06\/11\/meisterschaftsbeginn-ist-erst-am-29-august\/","title":{"rendered":"Meisterschaftsbeginn ist erst am 29. August"},"content":{"rendered":"<p>Der Verbands-Fu\u00dfball-Ausschuss des Fu\u00dfball- und Leichtathletikverbandes Westfalen plant den Saisonstart f\u00fcr die \u00fcberkreislichen Staffeln nicht wie angedacht f\u00fcr den 15. August, sondern erst f\u00fcr den 29. August. Der Saisonbeginn f\u00fcr die \u00fcberkreislichen Jugendspielklassen ist ebenfalls f\u00fcr das letzte August-Wochenende vorgesehen.<\/p>\n<p>&#8222;Diese Planung l\u00e4sst den Vereinen eine l\u00e4ngere Vorbereitungszeit. Damit entsprechen wir ihren W\u00fcnschen, nach einer so langen Trainings- und Spielpause gen\u00fcgend Vorbereitung zu haben&#8220;, betont Manfred Schnieders, Vize-Pr\u00e4sident Amateurfu\u00dfball des Fu\u00dfball- und Leichtathletikverbandes Westfalen.<\/p>\n<p>Aufgrund der weiterhin fallenden Inzidenzwerte in Westfalen haben sich dar\u00fcber hinaus die Kreisvorsitzenden und das Pr\u00e4sidium des FLVW in einer Videokonferenz darauf verst\u00e4ndigt, dass Testspiele ab sofort wieder in ganz Westfalen m\u00f6glich sind \u2013 die Genehmigung durch die jeweilige Kommune vorausgesetzt.<\/p>\n","protected":false},"excerpt":{"rendered":"<p>Der Verbands-Fu\u00dfball-Ausschuss des Fu\u00dfball- und Leichtathletikverbandes Westfalen plant den Saisonstart f\u00fcr die \u00fcberkreislichen Staffeln nicht wie angedacht f\u00fcr den 15. August, sondern erst f\u00fcr den 29. August. Der Saisonbeginn f\u00fcr die \u00fcberkreislichen Jugendspielklassen ist ebenfalls f\u00fcr das letzte August-Wochenende vorgesehen. &#8222;Diese Planung l\u00e4sst den Vereinen eine l\u00e4ngere Vorbereitungszeit. Damit entsprechen wir ihren W\u00fcnschen, nach einer [&hellip;]<\/p>\n","protected":false},"author":5,"featured_media":8284,"comment_status":"closed","ping_status":"closed","sticky":false,"template":"","format":"standard","meta":[],"categories":[32,33,34,1,46,45,44,43,42,41,39,37,49,48,47],"tags":[],"_links":{"self":[{"href":"https:\/\/svhuesten09.de\/web\/wp-json\/wp\/v2\/posts\/13259"}],"collection":[{"href":"https:\/\/svhuesten09.de\/web\/wp-json\/wp\/v2\/posts"}],"about":[{"href":"https:\/\/svhuesten09.de\/web\/wp-json\/wp\/v2\/types\/post"}],"author":[{"embeddable":true,"href":"https:\/\/svhuesten09.de\/web\/wp-json\/wp\/v2\/users\/5"}],"replies":[{"embeddable":true,"href":"https:\/\/svhuesten09.de\/web\/wp-json\/wp\/v2\/comments?post=13259"}],"version-history":[{"count":1,"href":"https:\/\/svhuesten09.de\/web\/wp-json\/wp\/v2\/posts\/13259\/revisions"}],"predecessor-version":[{"id":13260,"href":"https:\/\/svhuesten09.de\/web\/wp-json\/wp\/v2\/posts\/13259\/revisions\/13260"}],"wp:featuredmedia":[{"embeddable":true,"href":"https:\/\/svhuesten09.de\/web\/wp-json\/wp\/v2\/media\/8284"}],"wp:attachment":[{"href":"https:\/\/svhuesten09.de\/web\/wp-json\/wp\/v2\/media?parent=13259"}],"wp:term":[{"taxonomy":"category","embeddable":true,"href":"https:\/\/svhuesten09.de\/web\/wp-json\/wp\/v2\/categories?post=13259"},{"taxonomy":"post_tag","embeddable":true,"href":"https:\/\/svhuesten09.de\/web\/wp-json\/wp\/v2\/tags?post=13259"}],"curies":[{"name":"wp","href":"https:\/\/api.w.org\/{rel}","templated":true}]}}