{"id":13574,"date":"2021-10-05T09:02:14","date_gmt":"2021-10-05T07:02:14","guid":{"rendered":"https:\/\/svhuesten09.de\/web\/?p=13574"},"modified":"2021-10-05T09:02:14","modified_gmt":"2021-10-05T07:02:14","slug":"weihnachtsmarkt-am-stadion-grosse-wiese","status":"publish","type":"post","link":"https:\/\/svhuesten09.de\/web\/2021\/10\/05\/weihnachtsmarkt-am-stadion-grosse-wiese\/","title":{"rendered":"Weihnachtsmarkt am Stadion Gro\u00dfe Wiese"},"content":{"rendered":"<p>Am Samstag, den 04. Dezember, ab 15:00 Uhr wird der SV H\u00fcsten 09 erstmalig einen Weihnachtsmarkt auf dem Festplatz am Stadion Gro\u00dfe Wiese f\u00fcr seine Mitglieder und die Vereine H\u00fcstens auf die Beine stellen.<\/p>\n<p>&#8222;Der Weihnachtsmarkt passt hervorragend in die wunderbare H\u00fcttenlandschaft am Stadion Gro\u00dfe Wiese&#8220;, zeigt sich 09-Vorsitzender Rainer M\u00fcller begeistert. &#8222;Wir bitten alle Vereinsmitglieder, unsere Senioren- und Jugendabteilung sowie die Vereine H\u00fcstens, sich diesen Termin vorzumerken. Wenn der Weihnachtsmarkt angenommen wird, wird er als fester Bestandteil in den Jahreskalender aufgenommen.&#8220;<\/p>\n<p>Neben einem festlich geschm\u00fcckten Platz, einer Feuerschale, Stockbrot f\u00fcr Kinder und Jugendliche, Gl\u00fchwein, Reibepl\u00e4tzchen, Bratwurst, Kaffee und Kuchen sowie Waffeln mit hei\u00dfen Kirschen wird neben weihnachtlicher Musik genug Zeit f\u00fcr einen Small-Talk bei frischem Veltins sein.  <\/p>\n<p>Der Verein SV H\u00fcsten 09 freut sich sehr auf diesen Weihnachtsmarkt und der Einbindung der Vereine H\u00fcstens.<\/p>\n","protected":false},"excerpt":{"rendered":"<p>Am Samstag, den 04. Dezember, ab 15:00 Uhr wird der SV H\u00fcsten 09 erstmalig einen Weihnachtsmarkt auf dem Festplatz am Stadion Gro\u00dfe Wiese f\u00fcr seine Mitglieder und die Vereine H\u00fcstens auf die Beine stellen. &#8222;Der Weihnachtsmarkt passt hervorragend in die wunderbare H\u00fcttenlandschaft am Stadion Gro\u00dfe Wiese&#8220;, zeigt sich 09-Vorsitzender Rainer M\u00fcller begeistert. &#8222;Wir bitten alle [&hellip;]<\/p>\n","protected":false},"author":5,"featured_media":3430,"comment_status":"closed","ping_status":"closed","sticky":false,"template":"","format":"standard","meta":[],"categories":[1,59],"tags":[],"_links":{"self":[{"href":"https:\/\/svhuesten09.de\/web\/wp-json\/wp\/v2\/posts\/13574"}],"collection":[{"href":"https:\/\/svhuesten09.de\/web\/wp-json\/wp\/v2\/posts"}],"about":[{"href":"https:\/\/svhuesten09.de\/web\/wp-json\/wp\/v2\/types\/post"}],"author":[{"embeddable":true,"href":"https:\/\/svhuesten09.de\/web\/wp-json\/wp\/v2\/users\/5"}],"replies":[{"embeddable":true,"href":"https:\/\/svhuesten09.de\/web\/wp-json\/wp\/v2\/comments?post=13574"}],"version-history":[{"count":1,"href":"https:\/\/svhuesten09.de\/web\/wp-json\/wp\/v2\/posts\/13574\/revisions"}],"predecessor-version":[{"id":13575,"href":"https:\/\/svhuesten09.de\/web\/wp-json\/wp\/v2\/posts\/13574\/revisions\/13575"}],"wp:featuredmedia":[{"embeddable":true,"href":"https:\/\/svhuesten09.de\/web\/wp-json\/wp\/v2\/media\/3430"}],"wp:attachment":[{"href":"https:\/\/svhuesten09.de\/web\/wp-json\/wp\/v2\/media?parent=13574"}],"wp:term":[{"taxonomy":"category","embeddable":true,"href":"https:\/\/svhuesten09.de\/web\/wp-json\/wp\/v2\/categories?post=13574"},{"taxonomy":"post_tag","embeddable":true,"href":"https:\/\/svhuesten09.de\/web\/wp-json\/wp\/v2\/tags?post=13574"}],"curies":[{"name":"wp","href":"https:\/\/api.w.org\/{rel}","templated":true}]}}