{"id":13602,"date":"2021-10-29T10:22:26","date_gmt":"2021-10-29T08:22:26","guid":{"rendered":"https:\/\/svhuesten09.de\/web\/?p=13602"},"modified":"2021-10-29T11:39:06","modified_gmt":"2021-10-29T09:39:06","slug":"09-wochenende-im-schnelldurchlauf-64","status":"publish","type":"post","link":"https:\/\/svhuesten09.de\/web\/2021\/10\/29\/09-wochenende-im-schnelldurchlauf-64\/","title":{"rendered":"09-Wochenende im Schnelldurchlauf"},"content":{"rendered":"<p>Am Freitag, den 29. Oktober, h\u00e4lt die Altliga-Abteilung ihre Jahresversammlung im Vereinsheim ab. Einen erfolgreichen Themenabend w\u00fcnscht die Redaktion.<\/p>\n<p>Der Samstag steht wieder im Zeichen der Jugend. Die U11 um 11:00 Uhr und die U13 um 13:00 Uhr spielen im Stadion Gro\u00dfe Wiese gegen die JSG Hachen\/Langscheid\/Enkhausen und den TuS Sundern. Um 15:00 empf\u00e4ngt die U14 auf dem Kunstrasenplatz ebenfalls die JSG Hachen\/Langscheid\/Enkhausen. <\/p>\n<p>Der Sonntag startet um 11:00 Uhr mit der U19 des JLZ FV Neheim-H\u00fcsten. Auf dem Kunstrasenplatz in H\u00fcsten wartet um 11:00 Uhr die starke Truppe von RW L\u00fcdenscheid, momentan Tabellenzweiter der Bezirksliga, auf die Mannschaft von Marco Grebe. Sollte das Team um Kapit\u00e4n J\u00f6rn Brasse dieses Spiel gewinnen, w\u00fcrde man sich in der Tabelle in der Spitzengruppe festsetzen. Sicherlich ein interessanter sportlicher Vergleich f\u00fcr die Fans und Anh\u00e4nger der Mannschaft. <\/p>\n<p>W\u00e4hrend die zweite Seniorenmannschaft spielfrei hat, geht die Reise der dritten Mannschaft zum SV Affeln II. Um 12:30 Uhr gastiert das bisher gl\u00fccklos agierende Team &#8222;Auf der Stummel&#8220; und unternimmt erneut einen Anlauf f\u00fcr drei Punkte.<\/p>\n<p>F\u00fcr die Landesligamannschaft um Kapit\u00e4n Patrick Kampschulte geht es dann um 14:00 Uhr um die n\u00e4chsten drei wichtigen Punkte. RW L\u00fcdenscheid kommt zum Spiel ins Stadion Gro\u00dfe Wiese. In den 70er- und 80er-Jahren waren es in der Verbands- und in der Oberliga immer hei\u00dfe und atemberaubende Duelle zwischen dem SV H\u00fcsten 09 und RW L\u00fcdenscheid. Die L\u00fcdenscheider spielten auch mal in der zweitenBundesliga. Mit dabei im Kader der Rot-Wei\u00dfen war damals auch der H\u00fcstener Klaus Seiler.<\/p>\n<p>Aktuell steht die Mannschaft aus L\u00fcdenscheid mit 14 Punkten auf dem vierten Tabellenplatz in der Landesliga Staffel 2. Die H\u00fcstener, die am vergangenen Wochenende spielfrei hatten, m\u00fcssen nun wieder abliefern, wenn man nicht wieder auf die Abstiegspl\u00e4tze abrutschen will, denn auch die n\u00e4chsten Spiele in H\u00fcnsborn und im Stadion Gro\u00dfe Wiese gegen Erlinghausen werden nicht leichter. Jedoch sollte die Mannschaft den Fokus zun\u00e4chst voll auf die L\u00fcdenscheider Mannschaft legen. Die Unterst\u00fctzung der 09-Fans ist wie immer auf jeden Fall gegeben.<\/p>\n<p>Also, wie immer: Haut alles raus, alles f\u00fcr 09 und auf geht&#8217;s, H\u00fcsten! K\u00e4mpfen und siegen! Gl\u00fcck auf, 09!<\/p>\n","protected":false},"excerpt":{"rendered":"<p>Am Freitag, den 29. Oktober, h\u00e4lt die Altliga-Abteilung ihre Jahresversammlung im Vereinsheim ab. Einen erfolgreichen Themenabend w\u00fcnscht die Redaktion. Der Samstag steht wieder im Zeichen der Jugend. Die U11 um 11:00 Uhr und die U13 um 13:00 Uhr spielen im Stadion Gro\u00dfe Wiese gegen die JSG Hachen\/Langscheid\/Enkhausen und den TuS Sundern. Um 15:00 empf\u00e4ngt die [&hellip;]<\/p>\n","protected":false},"author":5,"featured_media":13500,"comment_status":"closed","ping_status":"closed","sticky":false,"template":"","format":"standard","meta":[],"categories":[32,34,1,58,45,43,42,37],"tags":[],"_links":{"self":[{"href":"https:\/\/svhuesten09.de\/web\/wp-json\/wp\/v2\/posts\/13602"}],"collection":[{"href":"https:\/\/svhuesten09.de\/web\/wp-json\/wp\/v2\/posts"}],"about":[{"href":"https:\/\/svhuesten09.de\/web\/wp-json\/wp\/v2\/types\/post"}],"author":[{"embeddable":true,"href":"https:\/\/svhuesten09.de\/web\/wp-json\/wp\/v2\/users\/5"}],"replies":[{"embeddable":true,"href":"https:\/\/svhuesten09.de\/web\/wp-json\/wp\/v2\/comments?post=13602"}],"version-history":[{"count":2,"href":"https:\/\/svhuesten09.de\/web\/wp-json\/wp\/v2\/posts\/13602\/revisions"}],"predecessor-version":[{"id":13604,"href":"https:\/\/svhuesten09.de\/web\/wp-json\/wp\/v2\/posts\/13602\/revisions\/13604"}],"wp:featuredmedia":[{"embeddable":true,"href":"https:\/\/svhuesten09.de\/web\/wp-json\/wp\/v2\/media\/13500"}],"wp:attachment":[{"href":"https:\/\/svhuesten09.de\/web\/wp-json\/wp\/v2\/media?parent=13602"}],"wp:term":[{"taxonomy":"category","embeddable":true,"href":"https:\/\/svhuesten09.de\/web\/wp-json\/wp\/v2\/categories?post=13602"},{"taxonomy":"post_tag","embeddable":true,"href":"https:\/\/svhuesten09.de\/web\/wp-json\/wp\/v2\/tags?post=13602"}],"curies":[{"name":"wp","href":"https:\/\/api.w.org\/{rel}","templated":true}]}}