{"id":13611,"date":"2021-11-05T10:48:29","date_gmt":"2021-11-05T09:48:29","guid":{"rendered":"https:\/\/svhuesten09.de\/web\/?p=13611"},"modified":"2021-11-05T10:57:53","modified_gmt":"2021-11-05T09:57:53","slug":"09-wochenende-im-schnelldurchlauf-65","status":"publish","type":"post","link":"https:\/\/svhuesten09.de\/web\/2021\/11\/05\/09-wochenende-im-schnelldurchlauf-65\/","title":{"rendered":"09-Wochenende im Schnelldurchlauf"},"content":{"rendered":"<p>Nachdem der SV H\u00fcsten 09 am Mittwoch, den 03. November, im Kreispokal-Wettbewerb beim A-Ligisten SV Bachum\/Bergheim gescheitert ist, geht es am Freitag, den 05. November, im Reserve-Pokal mit der dritten Mannschaft weiter. Diese tritt bei der SG Herdringen\/M\u00fcschede II an, w\u00e4hrend die zweite Mannschaft durch den Nichtantritt des SV Arnsberg 09 II schon f\u00fcr das Viertelfinale qualifiziert ist.<\/p>\n<p>Am Samstag, den 06. November, stehen sich um 10:00 Uhr die U9-Mannschaften des SV H\u00fcsten 09 und des TuS Sundern gegen\u00fcber. Anschlie\u00dfend treffen um 11:00 Uhr die U11 und um 14:45 Uhr die U12 im Stadion Gro\u00dfe Wiese auf Vertretungen des SC Neheim. Die U13 des JFV LZ Neheim-H\u00fcsten spielt um 13:30 Uhr im Stadion Gro\u00dfe Wiese gegen Westfalia Soest.<\/p>\n<p>Auf dem Kunstrasenplatz in H\u00fcsten spielt am Sonntag, den 07. November, um 11:00 Uhr die U19 des JLZ Neheim-H\u00fcsten gegen den SV Brilon. W\u00e4hrend die zweite Mannschaft um 14:30 Uhr beim Tabellenf\u00fchrer der Kreisliga A Arnsberg, dem FC Neheim-Erlenbruch, antritt, muss die dritte Mannschaft versuchen, um 13:00 Uhr im Heimspiel gegen den TuS Bruchhausen alles in die Waagschale zu werfen, um endlich ein Erfolgserlebnis zu feiern.<\/p>\n<p>Wieder vor einer hohen H\u00fcrde stehen die Mannen von J\u00f6rg Fischer. Die Busfahrt f\u00fchrt das Landesligateam zu RW H\u00fcnsborn. Es ist verdammt eng in der Tabelle der Landesliga Staffel 2. Drei Mannschaften haben acht Punkte auf der Habenseite, wozu auch die H\u00fcstener geh\u00f6ren. Nach dem 2:2-Unentschieden gegen RW L\u00fcdenscheid am vergangenen Wochenende und dem Ausscheiden im Kreispokal beim SV Bachum\/Bergheim fordern die 09-Fans Wiedergutmachung. In H\u00fcnsborn ist daher verlieren verboten.<\/p>\n<p>Also 09er, kommt und unterst\u00fctzt die 09-Mannschaften. Sie werden es Ihnen danken. Also Jungs, vollen Einsatz wieder f\u00fcr 09. K\u00e4mpfen, K\u00e4mpfen, K\u00e4mpfen!<\/p>\n","protected":false},"excerpt":{"rendered":"<p>Nachdem der SV H\u00fcsten 09 am Mittwoch, den 03. November, im Kreispokal-Wettbewerb beim A-Ligisten SV Bachum\/Bergheim gescheitert ist, geht es am Freitag, den 05. November, im Reserve-Pokal mit der dritten Mannschaft weiter. Diese tritt bei der SG Herdringen\/M\u00fcschede II an, w\u00e4hrend die zweite Mannschaft durch den Nichtantritt des SV Arnsberg 09 II schon f\u00fcr das [&hellip;]<\/p>\n","protected":false},"author":5,"featured_media":10055,"comment_status":"closed","ping_status":"closed","sticky":false,"template":"","format":"standard","meta":[],"categories":[32,33,34,1,45,44,43,37,47],"tags":[],"_links":{"self":[{"href":"https:\/\/svhuesten09.de\/web\/wp-json\/wp\/v2\/posts\/13611"}],"collection":[{"href":"https:\/\/svhuesten09.de\/web\/wp-json\/wp\/v2\/posts"}],"about":[{"href":"https:\/\/svhuesten09.de\/web\/wp-json\/wp\/v2\/types\/post"}],"author":[{"embeddable":true,"href":"https:\/\/svhuesten09.de\/web\/wp-json\/wp\/v2\/users\/5"}],"replies":[{"embeddable":true,"href":"https:\/\/svhuesten09.de\/web\/wp-json\/wp\/v2\/comments?post=13611"}],"version-history":[{"count":2,"href":"https:\/\/svhuesten09.de\/web\/wp-json\/wp\/v2\/posts\/13611\/revisions"}],"predecessor-version":[{"id":13613,"href":"https:\/\/svhuesten09.de\/web\/wp-json\/wp\/v2\/posts\/13611\/revisions\/13613"}],"wp:featuredmedia":[{"embeddable":true,"href":"https:\/\/svhuesten09.de\/web\/wp-json\/wp\/v2\/media\/10055"}],"wp:attachment":[{"href":"https:\/\/svhuesten09.de\/web\/wp-json\/wp\/v2\/media?parent=13611"}],"wp:term":[{"taxonomy":"category","embeddable":true,"href":"https:\/\/svhuesten09.de\/web\/wp-json\/wp\/v2\/categories?post=13611"},{"taxonomy":"post_tag","embeddable":true,"href":"https:\/\/svhuesten09.de\/web\/wp-json\/wp\/v2\/tags?post=13611"}],"curies":[{"name":"wp","href":"https:\/\/api.w.org\/{rel}","templated":true}]}}