{"id":13807,"date":"2022-02-18T12:40:08","date_gmt":"2022-02-18T11:40:08","guid":{"rendered":"https:\/\/svhuesten09.de\/web\/?p=13807"},"modified":"2022-02-18T12:40:08","modified_gmt":"2022-02-18T11:40:08","slug":"09-wochenende-im-schnelldurchlauf-75","status":"publish","type":"post","link":"https:\/\/svhuesten09.de\/web\/2022\/02\/18\/09-wochenende-im-schnelldurchlauf-75\/","title":{"rendered":"09-Wochenende im Schnelldurchlauf"},"content":{"rendered":"<p>Am Samstag, den 19. Februar, finden keine Jugendspiele am Sportpark Gro\u00dfe Wiese statt. Am Sonntag, den 20. Februar, um 11:00 Uhr spielt die U17 des JLZ Neheim-H\u00fcsten gegen den FSV Werdohl auf dem Nebenplatz des Stadions Gro\u00dfe Wiese. Ein wichtiges Spiel der Mannschaft, die mit 13 Punkten auf Platz neun der Bezirksliga-Tabelle steht. Der FSV Werdohl rangiert mit sieben Z\u00e4hlern momentan auf dem elften und damit auf dem ersten Abstiegsplatz.<\/p>\n<p>Nach dem 2:1-Sieg gegen den TuS Vo\u00dfwinkel II in der Vorwoche reist die dritte Seniorenmannschaft voller Selbstbewusstsein zum SuS Langscheid\/Enkhausen II. Um 12:30 Uhr ist Ansto\u00df im Sportpark Langscheid. Durch einen Punkterfolg k\u00f6nnte das 09-Team in der Tabelle der Kreisliga B Arnsberg weiter Boden gutmachen. <\/p>\n<p>Die 09-Reserve muss um 15:00 Uhr auf der Stummel beim SV Affeln antreten. Die Trainer Peter Strojnowski und Thomas K\u00f6hler m\u00fcssen sehen, dass man die Abwehrprobleme in den Griff bekommt. Nur dann ist eine bessere Platzierung in der Tabelle der Kreisliga A Arnsberg m\u00f6glich. <\/p>\n<p>F\u00fcr Spieler und Fans des SV H\u00fcsten 09 steht die Partie der Landesligamannschaft gegen den TSV Wei\u00dftal im Mittelpunkt des Geschehens. Die beiden erfolgreichsten Mannschaften des Jahres 2022 aus der Landesliga Staffel 2 treffen um 15:00 Uhr im Sportpark Gro\u00dfe Wiese aufeinander. Wei\u00dftal kann mit der Referenz von drei Siegen aus drei Spielen aufwarten, w\u00e4hrend der SV H\u00fcsten 09 mit zwei Siegen aus zwei Partien ebenfalls gut aus den Startl\u00f6chern gekommen ist. Aufgrund der Platzsperren im Stadtteil Arnsberg konnte das 09-Team unter der Woche nur einmal trainieren, w\u00e4hrend der TSV Wei\u00dftal von diesen Ma\u00dfnahmen nicht betroffen war.<\/p>\n<p>Nichtsdestotrotz m\u00f6chte der SV H\u00fcsten 09 den momentan guten Lauf fortsetzen und die drei Punkte in H\u00fcsten behalten. &#8222;K\u00e4mpferisch muss unser Team wieder alles in die Waagschale werfen&#8220;, fordert 09-Trainer J\u00f6rg Fischer von seinen Mannen die gleiche Einstellung wie beim 1:0-Sieg gegen Tabellenf\u00fchrer SC Obersprockh\u00f6vel und erg\u00e4nzt: &#8222;Es w\u00e4re sch\u00f6n, wenn die Zuschauer an diesem Wochenende unser 12. Mann w\u00e4ren. Das w\u00fcrde uns sicherlich sehr helfen.&#8220;<\/p>\n<p>Also 09er: Trotz des miesen Wetters geht&#8217;s ab auf den Platz und dann Vollgas f\u00fcr drei Punkte!<\/p>\n","protected":false},"excerpt":{"rendered":"<p>Am Samstag, den 19. Februar, finden keine Jugendspiele am Sportpark Gro\u00dfe Wiese statt. Am Sonntag, den 20. Februar, um 11:00 Uhr spielt die U17 des JLZ Neheim-H\u00fcsten gegen den FSV Werdohl auf dem Nebenplatz des Stadions Gro\u00dfe Wiese. Ein wichtiges Spiel der Mannschaft, die mit 13 Punkten auf Platz neun der Bezirksliga-Tabelle steht. Der FSV [&hellip;]<\/p>\n","protected":false},"author":5,"featured_media":13510,"comment_status":"closed","ping_status":"closed","sticky":false,"template":"","format":"standard","meta":[],"categories":[32,33,34,1,39],"tags":[],"_links":{"self":[{"href":"https:\/\/svhuesten09.de\/web\/wp-json\/wp\/v2\/posts\/13807"}],"collection":[{"href":"https:\/\/svhuesten09.de\/web\/wp-json\/wp\/v2\/posts"}],"about":[{"href":"https:\/\/svhuesten09.de\/web\/wp-json\/wp\/v2\/types\/post"}],"author":[{"embeddable":true,"href":"https:\/\/svhuesten09.de\/web\/wp-json\/wp\/v2\/users\/5"}],"replies":[{"embeddable":true,"href":"https:\/\/svhuesten09.de\/web\/wp-json\/wp\/v2\/comments?post=13807"}],"version-history":[{"count":1,"href":"https:\/\/svhuesten09.de\/web\/wp-json\/wp\/v2\/posts\/13807\/revisions"}],"predecessor-version":[{"id":13808,"href":"https:\/\/svhuesten09.de\/web\/wp-json\/wp\/v2\/posts\/13807\/revisions\/13808"}],"wp:featuredmedia":[{"embeddable":true,"href":"https:\/\/svhuesten09.de\/web\/wp-json\/wp\/v2\/media\/13510"}],"wp:attachment":[{"href":"https:\/\/svhuesten09.de\/web\/wp-json\/wp\/v2\/media?parent=13807"}],"wp:term":[{"taxonomy":"category","embeddable":true,"href":"https:\/\/svhuesten09.de\/web\/wp-json\/wp\/v2\/categories?post=13807"},{"taxonomy":"post_tag","embeddable":true,"href":"https:\/\/svhuesten09.de\/web\/wp-json\/wp\/v2\/tags?post=13807"}],"curies":[{"name":"wp","href":"https:\/\/api.w.org\/{rel}","templated":true}]}}