{"id":13865,"date":"2022-03-24T13:47:14","date_gmt":"2022-03-24T12:47:14","guid":{"rendered":"https:\/\/svhuesten09.de\/web\/?p=13865"},"modified":"2022-03-24T13:47:14","modified_gmt":"2022-03-24T12:47:14","slug":"young-talent-day-beim-jlz-neheim-huesten-im-april","status":"publish","type":"post","link":"https:\/\/svhuesten09.de\/web\/2022\/03\/24\/young-talent-day-beim-jlz-neheim-huesten-im-april\/","title":{"rendered":"Young-Talent-Day beim JLZ Neheim-H\u00fcsten im April"},"content":{"rendered":"<p>Wenn ein Probetraining auf dem Schalker Vereinsgel\u00e4nde stattfindet, hei\u00dft es schnell sein! Die Pl\u00e4tze sind hei\u00df begehrt und demnach schnell ausgebucht. Genau deswegen hat der FC Schalke 04 zusammen mit seinen Kooperationsvereinen den Young-Talent-Day ins Leben gerufen, um weiterhin auf Talentsuche zu gehen. Diesmal d\u00fcrfen die jungen Talente ins Emsland, an den Niederrhein oder ins Sauerland reisen.<\/p>\n<p>Unter den Augen der S04-Scouts und -Trainer haben Nachwuchskicker im April die Gelegenheit bei den Kooperationspartnern JLZ Emsland, PSV Wesel-Lackhausen und JLZ Neheim-H\u00fcsten ihr K\u00f6nnen unter Beweis zu stellen. Bewerbungen f\u00fcr die Trainings k\u00f6nnen bis zu zehn Tage vor dem jeweiligen Probetraining eingereicht werden, danach erhalten die Bewerber eine Nachricht, ob sie am Talenttag teilnehmen k\u00f6nnen. Anmeldungen sind <a href=\"https:\/\/schalke04.de\/knappenschmiede\/anmeldung-zum-young-talent-day-am-23-04-2022-beim-jlz-neheim-huesten\/\" target=\"_blank\" rel=\"noopener\"><strong>HIER<\/strong><\/a> m\u00f6glich.<\/p>\n<p><strong>Young-Talent-Day beim JLZ Neheim-H\u00fcsten<\/strong><br \/>\n<strong>Datum:<\/strong> 23.04.2022<br \/>\n<strong>Zeit:<\/strong> ab 10 Uhr<br \/>\n<strong>Jahrg\u00e4nge:<\/strong> 2008-2011<br \/>\n<strong>Ort:<\/strong> Stadion Gro\u00dfe Wiese in Arnsberg<\/p>\n<p><img decoding=\"async\" class=\"alignnone size-full wp-image-13867\" src=\"https:\/\/svhuesten09.de\/web\/wp-content\/uploads\/2022\/03\/jlz-schalke-partnerlogo22.jpg\" alt=\"\" width=\"100%\" srcset=\"https:\/\/svhuesten09.de\/web\/wp-content\/uploads\/2022\/03\/jlz-schalke-partnerlogo22.jpg 1000w, https:\/\/svhuesten09.de\/web\/wp-content\/uploads\/2022\/03\/jlz-schalke-partnerlogo22-300x137.jpg 300w, https:\/\/svhuesten09.de\/web\/wp-content\/uploads\/2022\/03\/jlz-schalke-partnerlogo22-768x350.jpg 768w, https:\/\/svhuesten09.de\/web\/wp-content\/uploads\/2022\/03\/jlz-schalke-partnerlogo22-150x68.jpg 150w, https:\/\/svhuesten09.de\/web\/wp-content\/uploads\/2022\/03\/jlz-schalke-partnerlogo22-100x46.jpg 100w, https:\/\/svhuesten09.de\/web\/wp-content\/uploads\/2022\/03\/jlz-schalke-partnerlogo22-50x23.jpg 50w, https:\/\/svhuesten09.de\/web\/wp-content\/uploads\/2022\/03\/jlz-schalke-partnerlogo22-25x11.jpg 25w, https:\/\/svhuesten09.de\/web\/wp-content\/uploads\/2022\/03\/jlz-schalke-partnerlogo22-640x292.jpg 640w, https:\/\/svhuesten09.de\/web\/wp-content\/uploads\/2022\/03\/jlz-schalke-partnerlogo22-160x73.jpg 160w, https:\/\/svhuesten09.de\/web\/wp-content\/uploads\/2022\/03\/jlz-schalke-partnerlogo22-702x320.jpg 702w\" sizes=\"(max-width: 1000px) 100vw, 1000px\" \/><\/p>\n","protected":false},"excerpt":{"rendered":"<p>Wenn ein Probetraining auf dem Schalker Vereinsgel\u00e4nde stattfindet, hei\u00dft es schnell sein! Die Pl\u00e4tze sind hei\u00df begehrt und demnach schnell ausgebucht. Genau deswegen hat der FC Schalke 04 zusammen mit seinen Kooperationsvereinen den Young-Talent-Day ins Leben gerufen, um weiterhin auf Talentsuche zu gehen. Diesmal d\u00fcrfen die jungen Talente ins Emsland, an den Niederrhein oder ins [&hellip;]<\/p>\n","protected":false},"author":5,"featured_media":13866,"comment_status":"closed","ping_status":"closed","sticky":false,"template":"","format":"standard","meta":[],"categories":[1,36,59],"tags":[],"_links":{"self":[{"href":"https:\/\/svhuesten09.de\/web\/wp-json\/wp\/v2\/posts\/13865"}],"collection":[{"href":"https:\/\/svhuesten09.de\/web\/wp-json\/wp\/v2\/posts"}],"about":[{"href":"https:\/\/svhuesten09.de\/web\/wp-json\/wp\/v2\/types\/post"}],"author":[{"embeddable":true,"href":"https:\/\/svhuesten09.de\/web\/wp-json\/wp\/v2\/users\/5"}],"replies":[{"embeddable":true,"href":"https:\/\/svhuesten09.de\/web\/wp-json\/wp\/v2\/comments?post=13865"}],"version-history":[{"count":1,"href":"https:\/\/svhuesten09.de\/web\/wp-json\/wp\/v2\/posts\/13865\/revisions"}],"predecessor-version":[{"id":13868,"href":"https:\/\/svhuesten09.de\/web\/wp-json\/wp\/v2\/posts\/13865\/revisions\/13868"}],"wp:featuredmedia":[{"embeddable":true,"href":"https:\/\/svhuesten09.de\/web\/wp-json\/wp\/v2\/media\/13866"}],"wp:attachment":[{"href":"https:\/\/svhuesten09.de\/web\/wp-json\/wp\/v2\/media?parent=13865"}],"wp:term":[{"taxonomy":"category","embeddable":true,"href":"https:\/\/svhuesten09.de\/web\/wp-json\/wp\/v2\/categories?post=13865"},{"taxonomy":"post_tag","embeddable":true,"href":"https:\/\/svhuesten09.de\/web\/wp-json\/wp\/v2\/tags?post=13865"}],"curies":[{"name":"wp","href":"https:\/\/api.w.org\/{rel}","templated":true}]}}