{"id":13869,"date":"2022-03-25T14:17:31","date_gmt":"2022-03-25T13:17:31","guid":{"rendered":"https:\/\/svhuesten09.de\/web\/?p=13869"},"modified":"2022-03-25T14:17:31","modified_gmt":"2022-03-25T13:17:31","slug":"09-wochenende-im-schnelldurchlauf-80","status":"publish","type":"post","link":"https:\/\/svhuesten09.de\/web\/2022\/03\/25\/09-wochenende-im-schnelldurchlauf-80\/","title":{"rendered":"09-Wochenende im Schnelldurchlauf"},"content":{"rendered":"<p>Die Jugendspiele des SV H\u00fcsten 09 beginnen am Samstag, den 26. M\u00e4rz, um 10:00 Uhr. Dann n\u00e4mlich stehen die sportlichen Vergleiche der jungen U9-Kicker an. Um 13:00 Uhr trifft die U12 des SV H\u00fcsten 09 im Stadion Gro\u00dfe Wiese auf die SG Balve\/Garbeck. Die U19 des JLZ Neheim-H\u00fcsten spielt um 13:30 Uhr im Binnerfeld gegen die JSG Lenhausen\/R\u00f6nkhausen\/Finnentrop\/Bamenohl und die U15 k\u00e4mpft um 15:00 Uhr auf dem Kunstrasenplatz in H\u00fcsten gegen den SV Horst-Emscher weiter um den Klassenerhalt in der Landesliga. <\/p>\n<p>W\u00e4hrend die dritte Seniorenmannschaft am Sonntag, den 27. M\u00e4rz, um 15:00 Uhr in Hachen auf den FC Tricolore trifft und versuchen wird, die Punkte mit nach Hause zu nehmen, geht es f\u00fcr die Zweite um 13:00 Uhr auf dem Kunstrasenplatz in H\u00fcsten darum, den 8:1-Kantersieg vom vergangenen Sonntag gegen den SV Arnsberg 09 nun gegen 2. Korriku Sundern zu best\u00e4tigen. Um erfolgreich zu sein, wird eine geschlossene Mannschaftsleistung bei beiden Teams von N\u00f6ten sein. <\/p>\n<p>Eine geschlossene und gute Mannschaftsleistung werden die 09-Fans auch von der Landesligamannschaft erwarten. Nach der entt\u00e4uschenden 0:1-Niederlage gegen den SC Berchum\/Garenfeld entschied sich der 09-Vorstand dazu, einen Trainerwechsel vorzunehmen. F\u00fcr den gl\u00fccklosen J\u00f6rg Fischer, bei dem sich der 09-Vorstand f\u00fcr seine Arbeit nochmals bedankt, kommt jetzt ein neuer, alter Bekannter zum SV H\u00fcsten 09 zur\u00fcck. &#8222;Welcome back&#8220; an dieser Stelle an Klaus Borschel. Mit ihm will man nun den Klassenerhalt in der Landesliga Staffel 2 realisieren.<\/p>\n<p>Das rettende Ufer liegt im Moment auch nur zwei Punkte weg, jedoch ist die Situation f\u00fcr die 09er mehr als bedrohlich. Auch gegen den BSV Menden, der als Tabellenzweiter ins Stadion Gro\u00dfe Wiese kommt, h\u00e4ngen die Trauben hoch. Die Mannschaft aus dem m\u00e4rkischen Kreis will unter allen Umst\u00e4nden versuchen, die Aufstiegsrelegation zu erreichen. Einen besonderes Augenmerk wird unsere 09-Mannschaft auf Mendens Torj\u00e4ger Rejhan Zekovic legen m\u00fcssen. Von 35 erzielten BSV-Treffern erzielte Rejhan Zekovic 16, womit er fast f\u00fcr die H\u00e4lfte aller Mendener Treffer verantwortlich ist. Wenig \u00fcberraschend f\u00fchrt er damit die Torsch\u00fctzenliste der Landesliga Staffel 2 an.<\/p>\n<p>Wenn die H\u00fcstener gegen dieses starke Team aus dem Huckenohl f\u00fcr Punkte in Frage kommen wollen, muss jeder einzelne Spieler mehr als 100 Prozent auf den Platz bringen und sich f\u00fcr den Erfolg zerrei\u00dfen. Genau das ist es, was die 09-Fans sehen wollen. Also auf geht&#8217;s! Gemeinsam schaffen wir das!<\/p>\n","protected":false},"excerpt":{"rendered":"<p>Die Jugendspiele des SV H\u00fcsten 09 beginnen am Samstag, den 26. M\u00e4rz, um 10:00 Uhr. Dann n\u00e4mlich stehen die sportlichen Vergleiche der jungen U9-Kicker an. Um 13:00 Uhr trifft die U12 des SV H\u00fcsten 09 im Stadion Gro\u00dfe Wiese auf die SG Balve\/Garbeck. Die U19 des JLZ Neheim-H\u00fcsten spielt um 13:30 Uhr im Binnerfeld gegen [&hellip;]<\/p>\n","protected":false},"author":5,"featured_media":11073,"comment_status":"closed","ping_status":"closed","sticky":false,"template":"","format":"standard","meta":[],"categories":[32,33,34,1,44,41,37,47],"tags":[],"_links":{"self":[{"href":"https:\/\/svhuesten09.de\/web\/wp-json\/wp\/v2\/posts\/13869"}],"collection":[{"href":"https:\/\/svhuesten09.de\/web\/wp-json\/wp\/v2\/posts"}],"about":[{"href":"https:\/\/svhuesten09.de\/web\/wp-json\/wp\/v2\/types\/post"}],"author":[{"embeddable":true,"href":"https:\/\/svhuesten09.de\/web\/wp-json\/wp\/v2\/users\/5"}],"replies":[{"embeddable":true,"href":"https:\/\/svhuesten09.de\/web\/wp-json\/wp\/v2\/comments?post=13869"}],"version-history":[{"count":1,"href":"https:\/\/svhuesten09.de\/web\/wp-json\/wp\/v2\/posts\/13869\/revisions"}],"predecessor-version":[{"id":13870,"href":"https:\/\/svhuesten09.de\/web\/wp-json\/wp\/v2\/posts\/13869\/revisions\/13870"}],"wp:featuredmedia":[{"embeddable":true,"href":"https:\/\/svhuesten09.de\/web\/wp-json\/wp\/v2\/media\/11073"}],"wp:attachment":[{"href":"https:\/\/svhuesten09.de\/web\/wp-json\/wp\/v2\/media?parent=13869"}],"wp:term":[{"taxonomy":"category","embeddable":true,"href":"https:\/\/svhuesten09.de\/web\/wp-json\/wp\/v2\/categories?post=13869"},{"taxonomy":"post_tag","embeddable":true,"href":"https:\/\/svhuesten09.de\/web\/wp-json\/wp\/v2\/tags?post=13869"}],"curies":[{"name":"wp","href":"https:\/\/api.w.org\/{rel}","templated":true}]}}