{"id":13875,"date":"2022-04-01T12:21:44","date_gmt":"2022-04-01T10:21:44","guid":{"rendered":"https:\/\/svhuesten09.de\/web\/?p=13875"},"modified":"2022-04-01T12:21:44","modified_gmt":"2022-04-01T10:21:44","slug":"09-wochenende-im-schnelldurchlauf-81","status":"publish","type":"post","link":"https:\/\/svhuesten09.de\/web\/2022\/04\/01\/09-wochenende-im-schnelldurchlauf-81\/","title":{"rendered":"09-Wochenende im Schnelldurchlauf"},"content":{"rendered":"<p>Am ersten April-Wochenende ist wieder viel los im Sportpark Gro\u00dfe Wiese. Der Samstag beginnt im 11:00 Uhr im Stadion Gro\u00dfe Wiese, wo sich dann die U11 des SV H\u00fcsten 09 und die SG Balve\/Garbeck gegen\u00fcber stehen und die U10 gegen den SC Neheim antritt. Um 13:00 Uhr setzt die U14 der JSG H\u00fcsten 09\/Neheim gegen die JSG M\u00fcschede\/Herdringen den Spielreigen auf dem Kunstrasenplatz in H\u00fcsten fort. Anschlie\u00dfend trifft die U14 des JLZ im Bezirksligaduell um 15:00 Uhr auf die SpVg Oelde.<\/p>\n<p>Am Sonntag, den 03. April, um 11:00 Uhr folgt dann der Auftritt der U17 des JLZ  gegen den FC Lennestadt. F\u00fcr die zweite und dritte Seniorenmannschaft des SV H\u00fcsten 09 geht es dann ab 13:00 Uhr gegen absolute Spitzenmannschaften in ihren Spielklassen. Das Reserve-Team trifft um 13:00 Uhr auf den SV Bachum\/Bergheim, den Tabellenzweiten der Kreisliga A Arnsberg. Die Mannschaft des Trainerteams Peter Strojnowski und Thomas K\u00f6hler konnte das Punktekonto in der vergangenen Woche auf 26 Z\u00e4hler erh\u00f6hen und steht in der Tabelle auf Rang acht, w\u00e4hrend Bachum\/Bergheim mittlerweile acht Siege in Folge eingefahren und nur einen Z\u00e4hler R\u00fcckstand auf Spitzenreiter FC Neheim-Erlenbruch hat. Das ist sicherlich ein interessanter Vergleich &#8211; sowohl f\u00fcr die H\u00fcstener als auch f\u00fcr die Bachumer Anh\u00e4nger.<\/p>\n<p>Auch die dritte Mannschaft des SV H\u00fcsten 09 bekommt es um 15:00 Uhr mit einem Titelkandidaten zu tun. In der Kreisliga B Arnsberg m\u00f6chte Nachbar T\u00fcrkiyemspor Neheim-H\u00fcsten unter allen Umst\u00e4nden versuchen, in die Kreisliga A Arnsberg aufzusteigen, w\u00e4hrend die Dritte um den Klassenerhalt ringt. Sicherlich hat auch dieses 09-Team die Unterst\u00fctzung der Fans verdient. <\/p>\n<p>Auch die Landesligamannschaft k\u00f6nnte gerade an diesem Wochenende die Unterst\u00fctzung der 09-Fans im Ausw\u00e4rtsspiel beim VfL Bad Berleburg gebrauchen. Nach dem 2:2 in der Vorwoche gegen den Tabellenzweiten BSV Menden geht es jetzt zum Schlusslicht. Hochkonzentriert, mit Leidenschaft und mit Herz muss das junge 09-Team dort auftreten, sonst ist auch beim Tabellenletzten nichts zu holen. Die Berleburger Mannschaft hat in den vergangenen Wochen durch deutlich positivere Ergebnisse auf sich aufmerksam gemacht. Die Mannschaft aus dem Wittgensteiner Land ist nicht mehr zu vergleichen mit dem Team aus dem Hinspiel. Auch die verletzten Spieler kehrten zuletzt in den Kader von Trainer Martin Uvira zur\u00fcck. 09-Coach Klaus Borschel muss seine Truppe auf einen leidenschaftlich k\u00e4mpfenden Gegner einstellen, der alles raushauen wird, um das Tabellenende noch zu verlassen. Vorsicht ist also geboten. <\/p>\n<p>Auf geht&#8217;s 09-Fans, dieses Wochenende brauchen euch die H\u00fcstener Mannschaften!<\/p>\n","protected":false},"excerpt":{"rendered":"<p>Am ersten April-Wochenende ist wieder viel los im Sportpark Gro\u00dfe Wiese. Der Samstag beginnt im 11:00 Uhr im Stadion Gro\u00dfe Wiese, wo sich dann die U11 des SV H\u00fcsten 09 und die SG Balve\/Garbeck gegen\u00fcber stehen und die U10 gegen den SC Neheim antritt. Um 13:00 Uhr setzt die U14 der JSG H\u00fcsten 09\/Neheim gegen [&hellip;]<\/p>\n","protected":false},"author":5,"featured_media":13585,"comment_status":"closed","ping_status":"closed","sticky":false,"template":"","format":"standard","meta":[],"categories":[32,33,34,1,46,45,42,39],"tags":[],"_links":{"self":[{"href":"https:\/\/svhuesten09.de\/web\/wp-json\/wp\/v2\/posts\/13875"}],"collection":[{"href":"https:\/\/svhuesten09.de\/web\/wp-json\/wp\/v2\/posts"}],"about":[{"href":"https:\/\/svhuesten09.de\/web\/wp-json\/wp\/v2\/types\/post"}],"author":[{"embeddable":true,"href":"https:\/\/svhuesten09.de\/web\/wp-json\/wp\/v2\/users\/5"}],"replies":[{"embeddable":true,"href":"https:\/\/svhuesten09.de\/web\/wp-json\/wp\/v2\/comments?post=13875"}],"version-history":[{"count":1,"href":"https:\/\/svhuesten09.de\/web\/wp-json\/wp\/v2\/posts\/13875\/revisions"}],"predecessor-version":[{"id":13876,"href":"https:\/\/svhuesten09.de\/web\/wp-json\/wp\/v2\/posts\/13875\/revisions\/13876"}],"wp:featuredmedia":[{"embeddable":true,"href":"https:\/\/svhuesten09.de\/web\/wp-json\/wp\/v2\/media\/13585"}],"wp:attachment":[{"href":"https:\/\/svhuesten09.de\/web\/wp-json\/wp\/v2\/media?parent=13875"}],"wp:term":[{"taxonomy":"category","embeddable":true,"href":"https:\/\/svhuesten09.de\/web\/wp-json\/wp\/v2\/categories?post=13875"},{"taxonomy":"post_tag","embeddable":true,"href":"https:\/\/svhuesten09.de\/web\/wp-json\/wp\/v2\/tags?post=13875"}],"curies":[{"name":"wp","href":"https:\/\/api.w.org\/{rel}","templated":true}]}}