{"id":13920,"date":"2022-04-20T17:21:48","date_gmt":"2022-04-20T15:21:48","guid":{"rendered":"https:\/\/svhuesten09.de\/web\/?p=13920"},"modified":"2022-04-20T17:21:48","modified_gmt":"2022-04-20T15:21:48","slug":"einladung-zur-mitgliederversammlung-des-jlz-neheim-huesten","status":"publish","type":"post","link":"https:\/\/svhuesten09.de\/web\/2022\/04\/20\/einladung-zur-mitgliederversammlung-des-jlz-neheim-huesten\/","title":{"rendered":"Einladung zur Mitgliederversammlung des JLZ Neheim-H\u00fcsten"},"content":{"rendered":"<p>Mit dieser Bekanntmachung l\u00e4dt der Jugend-F\u00f6rder-Verein LeistungsZentrum Neheim H\u00fcsten e.V. fristgerecht zu seiner ordentlichen Mitgliederversammlung ein. Diese findet am Freitag, den 06. Mai, um 19:00 Uhr im Vereinsheim des SV H\u00fcsten 09 (Am Solepark 11, 59759 Arnsberg) statt.<\/p>\n<p>Die Versammlung ist \u00f6ffentlich. Stimmrecht besitzen nur Mitglieder und Ehrenmitglieder, die das 16. Lebensjahr vollendet haben. Antr\u00e4ge k\u00f6nnen bis eine Woche vor der Mitgliederversammlung beim ersten Vorsitzenden Ralf Detzner in schriftlicher Form eingereicht werden. Die Tagesordnung zur ordentlichen Mitgliederversammlung finden Sie <a href=\"https:\/\/svhuesten09.de\/web\/wp-content\/uploads\/2022\/04\/mitgliederversammlung22-jlz-tagesordnung.pdf\" target=\"_blank\" rel=\"noopener\"><strong>HIER<\/strong><\/a>.<\/p>\n","protected":false},"excerpt":{"rendered":"<p>Mit dieser Bekanntmachung l\u00e4dt der Jugend-F\u00f6rder-Verein LeistungsZentrum Neheim H\u00fcsten e.V. fristgerecht zu seiner ordentlichen Mitgliederversammlung ein. Diese findet am Freitag, den 06. Mai, um 19:00 Uhr im Vereinsheim des SV H\u00fcsten 09 (Am Solepark 11, 59759 Arnsberg) statt. Die Versammlung ist \u00f6ffentlich. Stimmrecht besitzen nur Mitglieder und Ehrenmitglieder, die das 16. Lebensjahr vollendet haben. Antr\u00e4ge [&hellip;]<\/p>\n","protected":false},"author":5,"featured_media":13447,"comment_status":"closed","ping_status":"closed","sticky":false,"template":"","format":"standard","meta":[],"categories":[1,36,59],"tags":[],"_links":{"self":[{"href":"https:\/\/svhuesten09.de\/web\/wp-json\/wp\/v2\/posts\/13920"}],"collection":[{"href":"https:\/\/svhuesten09.de\/web\/wp-json\/wp\/v2\/posts"}],"about":[{"href":"https:\/\/svhuesten09.de\/web\/wp-json\/wp\/v2\/types\/post"}],"author":[{"embeddable":true,"href":"https:\/\/svhuesten09.de\/web\/wp-json\/wp\/v2\/users\/5"}],"replies":[{"embeddable":true,"href":"https:\/\/svhuesten09.de\/web\/wp-json\/wp\/v2\/comments?post=13920"}],"version-history":[{"count":1,"href":"https:\/\/svhuesten09.de\/web\/wp-json\/wp\/v2\/posts\/13920\/revisions"}],"predecessor-version":[{"id":13922,"href":"https:\/\/svhuesten09.de\/web\/wp-json\/wp\/v2\/posts\/13920\/revisions\/13922"}],"wp:featuredmedia":[{"embeddable":true,"href":"https:\/\/svhuesten09.de\/web\/wp-json\/wp\/v2\/media\/13447"}],"wp:attachment":[{"href":"https:\/\/svhuesten09.de\/web\/wp-json\/wp\/v2\/media?parent=13920"}],"wp:term":[{"taxonomy":"category","embeddable":true,"href":"https:\/\/svhuesten09.de\/web\/wp-json\/wp\/v2\/categories?post=13920"},{"taxonomy":"post_tag","embeddable":true,"href":"https:\/\/svhuesten09.de\/web\/wp-json\/wp\/v2\/tags?post=13920"}],"curies":[{"name":"wp","href":"https:\/\/api.w.org\/{rel}","templated":true}]}}