{"id":13933,"date":"2022-04-25T17:08:33","date_gmt":"2022-04-25T15:08:33","guid":{"rendered":"https:\/\/svhuesten09.de\/web\/?p=13933"},"modified":"2022-04-25T17:09:08","modified_gmt":"2022-04-25T15:09:08","slug":"neuer-zweiter-vorsitzender-des-sv-huesten-09-gewaehlt","status":"publish","type":"post","link":"https:\/\/svhuesten09.de\/web\/2022\/04\/25\/neuer-zweiter-vorsitzender-des-sv-huesten-09-gewaehlt\/","title":{"rendered":"Neuer zweiter Vorsitzender des SV H\u00fcsten 09 gew\u00e4hlt"},"content":{"rendered":"<p>Am Freitag, den 22. Apri, fand im Versammlungsraum im Stadion Gro\u00dfe Wiese die diesj\u00e4hrige ordentliche Mitgliederversammlung des SV H\u00fcsten 09 statt. Auf der Tagesordnung standen neben den Berichten des Vorstandes auch Neuwahlen und Ehrungen sowie eine Satzungs\u00e4nderung an.<\/p>\n<p>Um 19:00 Uhr begr\u00fc\u00dfte der erste Vorsitzende Rainer M\u00fcller die rund sechzig anwesenden Vereinsmitglieder im neu gestalteten Schulungsraum des Stadions Gro\u00dfe Wiese. Zum Protokollf\u00fchrer wurde Matthias Kurzius einstimmig gew\u00e4hlt. Nach Feststellung der ordnungsgem\u00e4\u00dfen Einberufung, der Beschlussf\u00e4higkeit und der Stimmberechtigung der anwesenden Vereinsmitglieder gedachten die Anwesenden den verstorbenen 09-Mitgliedern.<\/p>\n<p>Im Bericht des Vorstands blickte Rainer M\u00fcller zun\u00e4chst auf die sportliche Situation der drei Seniorenmannschaften, insbesondere auf die der ersten Mannschaft, die aktuell in der Landesliga Staffel 2 auf dem ersten Abstiegsplatz steht. &#8222;Durch den Trainerwechsel erhoffen wir uns die Kehrtwende zu schaffen, um am Ende den Klassenerhalt noch zu erreichen&#8220;, erkl\u00e4rte Rainer M\u00fcller.<\/p>\n<p>Dar\u00fcber hinaus stellte er in seinem Bericht erneut heraus, dass der SV H\u00fcsten 09 zuk\u00fcnftig viel attraktiver f\u00fcr Kinder, Jugendliche und sportbegeisterte Heranwachsende werden muss. Der SV H\u00fcsten 09 hat gem\u00e4\u00df der letzten Bestandserhebung aktuell 601 Mitglieder. &#8222;Trotz der Corona-Pandemie sind die Mitgliederzahlen erfreulich gut&#8220;, hielt Rainer M\u00fcller fest. Die Mietgliederst\u00e4rke bewegt sich seit Jahren im Bereich zwischen 600 bis 700 Mitglieder. An das neue JLZ Neheim-H\u00fcsten wurden 54 Jugendliche abgegeben. Im Bereich der Kinder und Jugendlichen bis zum Alter von 18 Jahren betr\u00e4gt der Mitgliederanteil aktuell 42 Prozent, im Altersbereich 19 bis 60 betr\u00e4gt der Mitgliederanteil gegenw\u00e4rtig 43 Prozent und im Altersbereich gr\u00f6\u00dfer 60 Jahren rund 15 Prozent.<\/p>\n<p>F\u00fcr lange Diskussionen und gro\u00dfe Erregung unter den 09-Mitgliedern sorgte die von der Stadt Arnsberg geplante Errichtung einer Beton-Skateranlage direkt neben dem Kunstrasenplatz des SV H\u00fcsten 09. Die Beton-Skateranlage soll nach Wunsch von Politik und Verwaltung \u00fcber einen neuen Weg, der den Kunstrasenplatz des Vereins und das Stadion Gro\u00dfe Wiese durchkreuzt, zu erreichen sein. Ebenso entsetzt waren die Vereinsmitglieder dar\u00fcber, dass die Stadtverwaltung die immer schon vorhandene Trainingswiese erneut verkleinern m\u00f6chte. In den Planungen der Stadt Arnsberg soll die Trainingswiese zuk\u00fcnftig nicht einmal mehr Kleinspielfeld-Abmessungen entsprechen. Ein ordentlicher Trainingsbetrieb ist dann nur noch eingeschr\u00e4nkt m\u00f6glich. Die anwesenden Vereinsmitglieder gaben dem 09-Vorstand den dringenden Auftrag, weitere Gespr\u00e4che mit den Entscheidern aus Politik und Stadtverwaltung zu f\u00fchren, mit dem Ziel, eine Betonlandschaft in Form einer Skateranlage an der Stelle neben dem Kunstrasenplatz des Vereins zu verhindern und einen besser geeigneten Standort im Solepark zu finden sowie f\u00fcr den Erhalt der Trainingswiese mit den aktuellen Abmessungen zu k\u00e4mpfen.<\/p>\n<p>Der Bericht des Fu\u00dfball-Abteilungsleiters befasste sich mit der aktuellen Situation der drei Seniorenmannschaften in den jeweiligen Ligen und war mit der positiven Botschaft versehen, dass alle drei Seniorenmannschaften f\u00fcr die n\u00e4chste Spielzeit 2022|23 sehr gut aufgestellt sind, mit dem Ziel, in ihren Spielklassen im sicheren Fahrwasser zu agieren. Hauptkassierer Florian Sturzenhecker berichtete kurz und knapp \u00fcber eine ordentliche und positive Kassenlage. Die von Kassenpr\u00fcfer Karl-Josef Dohle beantragte Entlastung des Vorstandes wurde von der Mitgliederversammlung einstimmig angenommen.<\/p>\n<p>Im Rahmen der ordentlichen Mitgliederversammlung beantragte der Vorstand den Beschluss der Satzungs\u00e4nderung des \u00a78 (Vorstand) der Vereinssatzung. Dieser Antrag des 09-Vorstandes wurde von der Versammlung einstimmig angenommen. Zuk\u00fcnftig m\u00fcssen bei den ordentlichen Mitgliederversammlungen nur noch vier Vorstands\u00e4mter gew\u00e4hlt werden.<\/p>\n<p><img decoding=\"async\" class=\"alignnone size-full wp-image-13936\" src=\"https:\/\/svhuesten09.de\/web\/wp-content\/uploads\/2022\/04\/rainer-mueller-stefan-jochheim-matthias-kurzius2122.jpg\" alt=\"\" width=\"100%\" srcset=\"https:\/\/svhuesten09.de\/web\/wp-content\/uploads\/2022\/04\/rainer-mueller-stefan-jochheim-matthias-kurzius2122.jpg 1000w, https:\/\/svhuesten09.de\/web\/wp-content\/uploads\/2022\/04\/rainer-mueller-stefan-jochheim-matthias-kurzius2122-300x171.jpg 300w, https:\/\/svhuesten09.de\/web\/wp-content\/uploads\/2022\/04\/rainer-mueller-stefan-jochheim-matthias-kurzius2122-768x437.jpg 768w, https:\/\/svhuesten09.de\/web\/wp-content\/uploads\/2022\/04\/rainer-mueller-stefan-jochheim-matthias-kurzius2122-150x85.jpg 150w, https:\/\/svhuesten09.de\/web\/wp-content\/uploads\/2022\/04\/rainer-mueller-stefan-jochheim-matthias-kurzius2122-100x57.jpg 100w, https:\/\/svhuesten09.de\/web\/wp-content\/uploads\/2022\/04\/rainer-mueller-stefan-jochheim-matthias-kurzius2122-50x28.jpg 50w, https:\/\/svhuesten09.de\/web\/wp-content\/uploads\/2022\/04\/rainer-mueller-stefan-jochheim-matthias-kurzius2122-25x14.jpg 25w, https:\/\/svhuesten09.de\/web\/wp-content\/uploads\/2022\/04\/rainer-mueller-stefan-jochheim-matthias-kurzius2122-562x320.jpg 562w, https:\/\/svhuesten09.de\/web\/wp-content\/uploads\/2022\/04\/rainer-mueller-stefan-jochheim-matthias-kurzius2122-160x91.jpg 160w\" sizes=\"(max-width: 1000px) 100vw, 1000px\" \/><\/p>\n<p>Bei den Neuwahlen stand in der diesj\u00e4hrigen Mitgliederversammlung nur die Wahl eines neuen zweiten Vorsitzenden und eines neuen Kassenpr\u00fcfers an. Nach mehr als zwanzig Jahren Vorstandst\u00e4tigkeit wurde der bisherige zweite Vorsitzende Matthias Kurzius mit einem Pr\u00e4sent und sehr gro\u00dfem Beifall aus seinem Amt verabschiedet. Zum neuen zweiten Vorsitzenden wurde Stefan Jochheim einstimmig als Nachfolger von Matthias Kurzius gew\u00e4hlt. Als neuer Kassenpr\u00fcfer wurde Ren\u00e9 Erlmann f\u00fcr den ausscheidenden Werner Fischer von den anwesenden Vereinsmitgliedern gew\u00e4hlt.<\/p>\n<p>Neben den Neuwahlen standen aber auch einige Ehrungen f\u00fcr langj\u00e4hrige Mitgliedschaft beim SV H\u00fcsten 09 im Fokus. Willi Tillmann und Heiner Vogel wurden f\u00fcr 50-j\u00e4hrige Mitgliedschaft, Paul Drawenau und Rene Erlmann f\u00fcr 25-j\u00e4hrige Mitgliedschaft geehrt. Manfred Kretzer wurde f\u00fcr 70 Jahre, Karl-Josef Dohle, Dieter und Rolf Erlmann sowie Franz-Josef Sturzenhecker f\u00fcr 60 Jahre Vereinstreue geehrt.<\/p>\n<p><img decoding=\"async\" class=\"alignnone size-full wp-image-13935\" src=\"https:\/\/svhuesten09.de\/web\/wp-content\/uploads\/2022\/04\/generalversammlung21-ehrungen.jpg\" alt=\"\" width=\"100%\" srcset=\"https:\/\/svhuesten09.de\/web\/wp-content\/uploads\/2022\/04\/generalversammlung21-ehrungen.jpg 881w, https:\/\/svhuesten09.de\/web\/wp-content\/uploads\/2022\/04\/generalversammlung21-ehrungen-300x171.jpg 300w, https:\/\/svhuesten09.de\/web\/wp-content\/uploads\/2022\/04\/generalversammlung21-ehrungen-768x437.jpg 768w, https:\/\/svhuesten09.de\/web\/wp-content\/uploads\/2022\/04\/generalversammlung21-ehrungen-150x85.jpg 150w, https:\/\/svhuesten09.de\/web\/wp-content\/uploads\/2022\/04\/generalversammlung21-ehrungen-100x57.jpg 100w, https:\/\/svhuesten09.de\/web\/wp-content\/uploads\/2022\/04\/generalversammlung21-ehrungen-50x28.jpg 50w, https:\/\/svhuesten09.de\/web\/wp-content\/uploads\/2022\/04\/generalversammlung21-ehrungen-25x14.jpg 25w, https:\/\/svhuesten09.de\/web\/wp-content\/uploads\/2022\/04\/generalversammlung21-ehrungen-563x320.jpg 563w, https:\/\/svhuesten09.de\/web\/wp-content\/uploads\/2022\/04\/generalversammlung21-ehrungen-160x91.jpg 160w\" sizes=\"(max-width: 881px) 100vw, 881px\" \/><\/p>\n<p>Der Antrag des 09-Vorstandes auf Beschlussfassung \u00fcber eine Beitragserh\u00f6hung zum 01. Januar 2023 wurde nach breiter Diskussion und mehrheitlicher Abstimmung verschoben. Damit bleibt der 09-Mitgliedsbeitrag seit acht Jahren zun\u00e4chst unver\u00e4ndert.&nbsp;Gegen 21:30 Uhr beendete Rainer M\u00fcller die diesj\u00e4hrige Mitgliederversammlung und Ehrenmitglied Manfred Kretzer stimmte abschlie\u00dfend traditionell das 09-Vereinslied an.<\/p>\n","protected":false},"excerpt":{"rendered":"<p>Am Freitag, den 22. Apri, fand im Versammlungsraum im Stadion Gro\u00dfe Wiese die diesj\u00e4hrige ordentliche Mitgliederversammlung des SV H\u00fcsten 09 statt. Auf der Tagesordnung standen neben den Berichten des Vorstandes auch Neuwahlen und Ehrungen sowie eine Satzungs\u00e4nderung an. Um 19:00 Uhr begr\u00fc\u00dfte der erste Vorsitzende Rainer M\u00fcller die rund sechzig anwesenden Vereinsmitglieder im neu gestalteten [&hellip;]<\/p>\n","protected":false},"author":5,"featured_media":13934,"comment_status":"closed","ping_status":"closed","sticky":false,"template":"","format":"standard","meta":[],"categories":[1,59],"tags":[],"_links":{"self":[{"href":"https:\/\/svhuesten09.de\/web\/wp-json\/wp\/v2\/posts\/13933"}],"collection":[{"href":"https:\/\/svhuesten09.de\/web\/wp-json\/wp\/v2\/posts"}],"about":[{"href":"https:\/\/svhuesten09.de\/web\/wp-json\/wp\/v2\/types\/post"}],"author":[{"embeddable":true,"href":"https:\/\/svhuesten09.de\/web\/wp-json\/wp\/v2\/users\/5"}],"replies":[{"embeddable":true,"href":"https:\/\/svhuesten09.de\/web\/wp-json\/wp\/v2\/comments?post=13933"}],"version-history":[{"count":2,"href":"https:\/\/svhuesten09.de\/web\/wp-json\/wp\/v2\/posts\/13933\/revisions"}],"predecessor-version":[{"id":13938,"href":"https:\/\/svhuesten09.de\/web\/wp-json\/wp\/v2\/posts\/13933\/revisions\/13938"}],"wp:featuredmedia":[{"embeddable":true,"href":"https:\/\/svhuesten09.de\/web\/wp-json\/wp\/v2\/media\/13934"}],"wp:attachment":[{"href":"https:\/\/svhuesten09.de\/web\/wp-json\/wp\/v2\/media?parent=13933"}],"wp:term":[{"taxonomy":"category","embeddable":true,"href":"https:\/\/svhuesten09.de\/web\/wp-json\/wp\/v2\/categories?post=13933"},{"taxonomy":"post_tag","embeddable":true,"href":"https:\/\/svhuesten09.de\/web\/wp-json\/wp\/v2\/tags?post=13933"}],"curies":[{"name":"wp","href":"https:\/\/api.w.org\/{rel}","templated":true}]}}