{"id":13942,"date":"2022-04-27T15:57:23","date_gmt":"2022-04-27T13:57:23","guid":{"rendered":"https:\/\/svhuesten09.de\/web\/?p=13942"},"modified":"2022-04-27T15:57:23","modified_gmt":"2022-04-27T13:57:23","slug":"neues-jugend-praesidium-des-sv-huesten-09-gewaehlt","status":"publish","type":"post","link":"https:\/\/svhuesten09.de\/web\/2022\/04\/27\/neues-jugend-praesidium-des-sv-huesten-09-gewaehlt\/","title":{"rendered":"Neues Jugend-Pr\u00e4sidium des SV H\u00fcsten 09 gew\u00e4hlt"},"content":{"rendered":"<p>Der SV H\u00fcsten 09 hat ein neues Jugend-Pr\u00e4sidium gew\u00e4hlt. In seinem Amt best\u00e4tigt wurde Ralf Detzner, der nach wie vor Pr\u00e4sidiumssprecher und f\u00fcr die Finanzen der Jugendabteilung zust\u00e4ndig ist. Neuer Gesch\u00e4ftsf\u00fchrer wurde Dirk K\u00f6nig, neuer sportlicher Leiter ist nun Erdal \u00d6zcelep. Beide sind auch als Jugendtrainer beim SV H\u00fcsten 09 t\u00e4tig.<\/p>\n","protected":false},"excerpt":{"rendered":"<p>Der SV H\u00fcsten 09 hat ein neues Jugend-Pr\u00e4sidium gew\u00e4hlt. In seinem Amt best\u00e4tigt wurde Ralf Detzner, der nach wie vor Pr\u00e4sidiumssprecher und f\u00fcr die Finanzen der Jugendabteilung zust\u00e4ndig ist. Neuer Gesch\u00e4ftsf\u00fchrer wurde Dirk K\u00f6nig, neuer sportlicher Leiter ist nun Erdal \u00d6zcelep. Beide sind auch als Jugendtrainer beim SV H\u00fcsten 09 t\u00e4tig.<\/p>\n","protected":false},"author":5,"featured_media":13943,"comment_status":"closed","ping_status":"closed","sticky":false,"template":"","format":"standard","meta":[],"categories":[1,36,59],"tags":[],"_links":{"self":[{"href":"https:\/\/svhuesten09.de\/web\/wp-json\/wp\/v2\/posts\/13942"}],"collection":[{"href":"https:\/\/svhuesten09.de\/web\/wp-json\/wp\/v2\/posts"}],"about":[{"href":"https:\/\/svhuesten09.de\/web\/wp-json\/wp\/v2\/types\/post"}],"author":[{"embeddable":true,"href":"https:\/\/svhuesten09.de\/web\/wp-json\/wp\/v2\/users\/5"}],"replies":[{"embeddable":true,"href":"https:\/\/svhuesten09.de\/web\/wp-json\/wp\/v2\/comments?post=13942"}],"version-history":[{"count":1,"href":"https:\/\/svhuesten09.de\/web\/wp-json\/wp\/v2\/posts\/13942\/revisions"}],"predecessor-version":[{"id":13944,"href":"https:\/\/svhuesten09.de\/web\/wp-json\/wp\/v2\/posts\/13942\/revisions\/13944"}],"wp:featuredmedia":[{"embeddable":true,"href":"https:\/\/svhuesten09.de\/web\/wp-json\/wp\/v2\/media\/13943"}],"wp:attachment":[{"href":"https:\/\/svhuesten09.de\/web\/wp-json\/wp\/v2\/media?parent=13942"}],"wp:term":[{"taxonomy":"category","embeddable":true,"href":"https:\/\/svhuesten09.de\/web\/wp-json\/wp\/v2\/categories?post=13942"},{"taxonomy":"post_tag","embeddable":true,"href":"https:\/\/svhuesten09.de\/web\/wp-json\/wp\/v2\/tags?post=13942"}],"curies":[{"name":"wp","href":"https:\/\/api.w.org\/{rel}","templated":true}]}}