{"id":13962,"date":"2022-05-06T12:52:43","date_gmt":"2022-05-06T10:52:43","guid":{"rendered":"https:\/\/svhuesten09.de\/web\/?p=13962"},"modified":"2022-05-06T12:52:43","modified_gmt":"2022-05-06T10:52:43","slug":"09-wochenende-im-schnelldurchlauf-86","status":"publish","type":"post","link":"https:\/\/svhuesten09.de\/web\/2022\/05\/06\/09-wochenende-im-schnelldurchlauf-86\/","title":{"rendered":"09-Wochenende im Schnelldurchlauf"},"content":{"rendered":"<p>Am Samstag, den 07. Mai, ab 11:00 Uhr treten die 09-Jugendmannschaften zu diversen Vergleichen im Stadion Gro\u00dfe Wiese an. <\/p>\n<p>Auf dem Kunstrasenplatz trifft um 15:00 Uhr die U15 des JLZ Neheim-H\u00fcsten auf die Vertretung von RW Ahlen. F\u00fcr das JLZ-Team geht es dabei um wichtige Bezirksligapunkte. <\/p>\n<p>Am Sonntag, den 08. Mai, ist die U17 des SV Brilon um 11:00 Uhr zum Gastspiel gegen das JLZ Neheim-H\u00fcsten in H\u00fcsten. Auch dies ist sicherlich ein interessantes Sauerland-Duell. <\/p>\n<p>W\u00e4hrend die Landesligamannschaft des SV H\u00fcsten 09 in der Landesliga Staffel 2 an diesem Wochenende spielfrei hat und sich auf das Finale im Abstiegskampf vorbereitet, bekommt es die zweite Mannschaft um 13:00 Uhr mit dem Tabellenf\u00fchrer der Kreisliga A Arnsberg, dem FC Neheim-Erlenbruch, zu tun. Vielleicht gelingt den 09ern genauso ein Clou wie gegen den SV Bachum\/Bergheim vor drei Wochen. Das Spiel d\u00fcrfte sicherlich einige Zuschauer anlocken. Um weitere wichtige Punkte im Abstiegskampf geht es f\u00fcr die dritte Mannschaft um 15:00 Uhr beim TuS Bruchhausen. <\/p>\n<p>Also 09-Fans: Auf geht\u2018s in die restlichen Spiele der Saison 2021|22. Alle Teams brauchen jetzt Eure Unterst\u00fctzung!<\/p>\n","protected":false},"excerpt":{"rendered":"<p>Am Samstag, den 07. Mai, ab 11:00 Uhr treten die 09-Jugendmannschaften zu diversen Vergleichen im Stadion Gro\u00dfe Wiese an. Auf dem Kunstrasenplatz trifft um 15:00 Uhr die U15 des JLZ Neheim-H\u00fcsten auf die Vertretung von RW Ahlen. F\u00fcr das JLZ-Team geht es dabei um wichtige Bezirksligapunkte. Am Sonntag, den 08. Mai, ist die U17 des [&hellip;]<\/p>\n","protected":false},"author":5,"featured_media":13963,"comment_status":"closed","ping_status":"closed","sticky":false,"template":"","format":"standard","meta":[],"categories":[33,34,1,41,39],"tags":[],"_links":{"self":[{"href":"https:\/\/svhuesten09.de\/web\/wp-json\/wp\/v2\/posts\/13962"}],"collection":[{"href":"https:\/\/svhuesten09.de\/web\/wp-json\/wp\/v2\/posts"}],"about":[{"href":"https:\/\/svhuesten09.de\/web\/wp-json\/wp\/v2\/types\/post"}],"author":[{"embeddable":true,"href":"https:\/\/svhuesten09.de\/web\/wp-json\/wp\/v2\/users\/5"}],"replies":[{"embeddable":true,"href":"https:\/\/svhuesten09.de\/web\/wp-json\/wp\/v2\/comments?post=13962"}],"version-history":[{"count":1,"href":"https:\/\/svhuesten09.de\/web\/wp-json\/wp\/v2\/posts\/13962\/revisions"}],"predecessor-version":[{"id":13964,"href":"https:\/\/svhuesten09.de\/web\/wp-json\/wp\/v2\/posts\/13962\/revisions\/13964"}],"wp:featuredmedia":[{"embeddable":true,"href":"https:\/\/svhuesten09.de\/web\/wp-json\/wp\/v2\/media\/13963"}],"wp:attachment":[{"href":"https:\/\/svhuesten09.de\/web\/wp-json\/wp\/v2\/media?parent=13962"}],"wp:term":[{"taxonomy":"category","embeddable":true,"href":"https:\/\/svhuesten09.de\/web\/wp-json\/wp\/v2\/categories?post=13962"},{"taxonomy":"post_tag","embeddable":true,"href":"https:\/\/svhuesten09.de\/web\/wp-json\/wp\/v2\/tags?post=13962"}],"curies":[{"name":"wp","href":"https:\/\/api.w.org\/{rel}","templated":true}]}}