{"id":14121,"date":"2022-08-19T11:24:50","date_gmt":"2022-08-19T09:24:50","guid":{"rendered":"https:\/\/svhuesten09.de\/web\/?p=14121"},"modified":"2022-08-19T11:24:50","modified_gmt":"2022-08-19T09:24:50","slug":"09-wochenende-im-schnelldurchlauf-94","status":"publish","type":"post","link":"https:\/\/svhuesten09.de\/web\/2022\/08\/19\/09-wochenende-im-schnelldurchlauf-94\/","title":{"rendered":"09-Wochenende im Schnelldurchlauf"},"content":{"rendered":"<p>Auch der Jugendbereich steigt am dritten August-Wochenende wieder in den Meisterschaftsbetrieb ein. Der SV H\u00fcsten 09 w\u00fcnscht allen Mannschaften, Trainern, Betreuern sowie dem Umfeld viel Erfolg f\u00fcr die Saison 2022|23.<\/p>\n<p>Am Samstag, den 20. August, empf\u00e4ngt die U14 des JLZ Neheim-H\u00fcsten bereits um 10:30 Uhr Borussia Dr\u00f6schede. Um 13:00 Uhr trifft die U14 der JSG H\u00fcsten\/Neheim auf die JSG Hachen\/Langscheid\/Enkhausen und um 15:00 Uhr erwartet die U12 des SV H\u00fcsten 09 die JSG Hachen\/Langscheid\/Enkhausen. Am Sonntag, den 21. August, ist dann auch die U19 des JLZ Neheim-H\u00fcsten erstmals gefordert und fordert um 11:00 Uhr den RSV Meinerzhagen heraus.<\/p>\n<p>Durchweg erfolgreich verlief der Saisonauftakt der Seniorenmannschaften  des SV H\u00fcsten 09 am vergangen Wochenende. Alle drei Teams holten jeweils drei Punkte und erzielten dabei ein zusammengerechnetes Torverh\u00e4ltnis von 11:1. Am zweiten Spieltag bestreitet nur die Dritte ein Heimspiel auf dem Kunstrasenplatz in H\u00fcsten. Nach dem 2:1-Ausw\u00e4rtserfolg beim FC Tricolore will die Truppe um Trainer Guiseppe Benevento nun gegen den A-Liga-Absteiger DJK GW Arnsberg nachlegen. Ansto\u00df ist am Sonntag, den 21. August, um 13:00 Uhr.<\/p>\n<p>Nicht nur der 7:0-Erfolg gegen den SSV K\u00fcntrop am vergangenen Wochenende lie\u00df die Fans der Reservemannschaft der 09er am vergangenen Wochenende aufhorchen, auch der 5:2-Erfolg im Reserve-Pokal am Mittwochabend bei SG Beckum\/H\u00f6vel\/Mellen II stimmt Trainer Ufuk \u00dctzel zuversichtlich vor der schweren Ausw\u00e4rtspartie bei der SG Balve\/Garbeck. Beim Pokalerfolg in Beckum trugen sich Max M\u00fcller, Nils Klauke, Marco Vento und Taulant Asani (2) in die Torsch\u00fctzenliste ein. Ufuk \u00dczel wei\u00df nur zu gut, dass die Aufgabe in Balve ungleich schwerer wird und fordert deshalb von seinem Team, den Fokus auf den schwer bespielbaren Gegner zu richten.<\/p>\n<p>Zufriedenheit nach dem ersten Spieltag in der &#8222;Bundesliga des Sauerlandes&#8220; herrschte auch im Lager des Aush\u00e4ngeschildes des SV H\u00fcsten 09, der ersten Mannschaft. &#8222;Das Team hat es gegen die SG B\u00f6defeld\/Henne\/Rartal richtig gut gemacht. Wir waren geduldig und haben gegen einen tief stehenden Gegner, der durch Konter immer gef\u00e4hrlich war, letztlich verdient 2:0 gewonnen&#8220;, res\u00fcmierte Klaus Borschel unter der Woche. Der Trainer wei\u00df aber auch um die Schwere der Aufgabe, die nun auf die Truppe zukommt.<\/p>\n<p>Beim Vorjahreszweiten BC Eslohe stehen die 09er am Sonntag, den 21. August, um 15:00 Uhr vor einem echten H\u00e4rtetest. Eslohes Coach J\u00fcrgen Winkel weilte am vergangenen Sonntag in H\u00fcsten und nahm die H\u00fcstener Mannschaft beim 2:0-Sieg gegen die SG unter die Lupe. Die Truppe um Spielf\u00fchrer Christopher Gierse muss daher alles in die Waagschale werfen, um f\u00fcr Punkte in Frage zu kommen, denn am ersten Spieltag unterlag Eslohe \u00fcberraschend deutlich mit 1:5 beim FC Assinghausen\/Wiemeringhausen\/Wulmeringhausen und steht dementsprechend unter Druck. Vorsicht ist also geboten auf dem Sportplatz in Eslohe. <\/p>\n<p>Eine Bitte des 09-Vorstandes m\u00f6chten wir an diesem Wochenende gern weiter geben: Dokumentieren Sie durch den Erwerb einer Dauerkarte Ihre Unterst\u00fctzung f\u00fcr den Verein. Bitte melden Sie sich bei einem Vorstandsmitglied oder an Tageskasse und fragen Sie nach der Dauerkarte f\u00fcr die Saison 2022|23. Herzlichen Dank!<\/p>\n<p>Liebe 09-Fans, bitte unterst\u00fctzt die Mannschaften weiter so zahlreich wie am vergangenen Wochenende. Die Teams zahlen es durch ihre Leistung zur\u00fcck. Auf geht&#8217;s mit Volldampf in den zweiten Spieltag!<\/p>\n","protected":false},"excerpt":{"rendered":"<p>Auch der Jugendbereich steigt am dritten August-Wochenende wieder in den Meisterschaftsbetrieb ein. Der SV H\u00fcsten 09 w\u00fcnscht allen Mannschaften, Trainern, Betreuern sowie dem Umfeld viel Erfolg f\u00fcr die Saison 2022|23. Am Samstag, den 20. August, empf\u00e4ngt die U14 des JLZ Neheim-H\u00fcsten bereits um 10:30 Uhr Borussia Dr\u00f6schede. Um 13:00 Uhr trifft die U14 der JSG [&hellip;]<\/p>\n","protected":false},"author":5,"featured_media":14122,"comment_status":"closed","ping_status":"closed","sticky":false,"template":"","format":"standard","meta":[],"categories":[32,33,34,1,44,42,37],"tags":[],"_links":{"self":[{"href":"https:\/\/svhuesten09.de\/web\/wp-json\/wp\/v2\/posts\/14121"}],"collection":[{"href":"https:\/\/svhuesten09.de\/web\/wp-json\/wp\/v2\/posts"}],"about":[{"href":"https:\/\/svhuesten09.de\/web\/wp-json\/wp\/v2\/types\/post"}],"author":[{"embeddable":true,"href":"https:\/\/svhuesten09.de\/web\/wp-json\/wp\/v2\/users\/5"}],"replies":[{"embeddable":true,"href":"https:\/\/svhuesten09.de\/web\/wp-json\/wp\/v2\/comments?post=14121"}],"version-history":[{"count":1,"href":"https:\/\/svhuesten09.de\/web\/wp-json\/wp\/v2\/posts\/14121\/revisions"}],"predecessor-version":[{"id":14126,"href":"https:\/\/svhuesten09.de\/web\/wp-json\/wp\/v2\/posts\/14121\/revisions\/14126"}],"wp:featuredmedia":[{"embeddable":true,"href":"https:\/\/svhuesten09.de\/web\/wp-json\/wp\/v2\/media\/14122"}],"wp:attachment":[{"href":"https:\/\/svhuesten09.de\/web\/wp-json\/wp\/v2\/media?parent=14121"}],"wp:term":[{"taxonomy":"category","embeddable":true,"href":"https:\/\/svhuesten09.de\/web\/wp-json\/wp\/v2\/categories?post=14121"},{"taxonomy":"post_tag","embeddable":true,"href":"https:\/\/svhuesten09.de\/web\/wp-json\/wp\/v2\/tags?post=14121"}],"curies":[{"name":"wp","href":"https:\/\/api.w.org\/{rel}","templated":true}]}}