{"id":1415,"date":"2013-06-10T16:34:42","date_gmt":"2013-06-10T15:34:42","guid":{"rendered":"http:\/\/svhuesten09.de\/web\/?p=1415"},"modified":"2014-03-13T21:41:37","modified_gmt":"2014-03-13T20:41:37","slug":"eine-stadt-steht-kopf-huesten-zurueck-in-der-landesliga","status":"publish","type":"post","link":"https:\/\/svhuesten09.de\/web\/2013\/06\/10\/eine-stadt-steht-kopf-huesten-zurueck-in-der-landesliga\/","title":{"rendered":"Eine Stadt steht Kopf &#8211; H\u00fcsten zur\u00fcck in der Landesliga"},"content":{"rendered":"<p>Die Superlative kannten am Sonntagabend in H\u00fcsten keine Grenzen mehr. W\u00f6rter wie einzigartig, traumhaft, grandios und unfassbar waren fast in jedem Gespr\u00e4ch zu h\u00f6ren. Daher konnten auch die sonst so gefassten 09-Vorsitzenden Uwe Schulte und Christoph Dahlmann bei der Meisterfeier im direkten Anschluss an die Bezirksligameisterschaft ihre Euphorie nicht zur\u00fcckhalten. &#8222;Es ist einfach ph\u00e4nomenal, was diese Mannschaft in dieser Saison geleistet hat. Ich sa\u00df immer im Auto, war bei 34 von 34 Spielen dabei und hatte trotz der R\u00fcckschl\u00e4ge, die es hin und wieder gab, immer pure Freude daran, diesem Team zuzuschauen&#8220;, sagte Uwe Schulte vor fast 400 Fans.<\/p>\n<p>Es war schwer, \u00fcberhaupt erst einmal alle Spieler und Anh\u00e4nger dazu zu bringen, sich vor den Toren des Vereinsheims einzufinden und den Weg vom Sportplatz dorthin zu finden. Stattdessen genossen die zahlreichen H\u00fcstener den sensationellen Moment des direkten Wiederaufstiegs in die Landesliga. Doch mit Freibier und gegrillten W\u00fcrstchen und Steaks schaffte es der 09-Vorstand dann doch nach knapp einer Stunde, die Feierlichkeiten vor das Vereinsheim zu verlagern. Mit dabei waren neben dem H\u00fcstener Pfarrer Dietmar R\u00f6ttger auch zahlreiche Vereine aus H\u00fcsten, die den 09. Juni 2013 zu einem Feiertag in H\u00fcsten machten.<\/p>\n<p>Dann ergriffen Uwe Schulte und Christoph Dahlmann das Wort und begl\u00fcckw\u00fcnschten erst einmal die erste Seniorenmannschaft zum grandiosen Aufstieg. Anschlie\u00dfend sollten aber auch noch einmal drei Gesichter geehrt werden, die sich die ganze Saison \u00fcber unheimlich f\u00fcr den Verein engagieren, aber doch nicht immer im Rampenlicht stehen. So erhielten Grillmeister Herbert Keweloh, Stadionsprecher Manuel Pott und Internetgestalter Rico Schulte f\u00fcr ihre unerm\u00fcdliche Arbeit rund um das 09-Zuhause ein kleines Pr\u00e4sent vom Vorstandsteam. Auch die Betreuer Wolfgang Leben, Christian M\u00fcller, Karl-Heinz Wieseler und Rolf Bertelt gingen nicht leer aus.<\/p>\n<p>Anschlie\u00dfend nahmen die H\u00fcstener Verabschiedungen von Spielern vor, die den Verein zum Saisonende verlassen. Doch obwohl diese Angelegenheit eigentlich nie erfreulich ist, herrschte zun\u00e4chst tosender Applaus. Denn aus der zweiten Seniorenmannschaft, die den Aufstieg in die Kreisliga A geschafft, wird keiner das Team verlassen, sodass Trainer Oliver Thiele mit dem gleichen Personal wie in der Saison 2012|13 planen kann. Aus der Bezirksliga-Meistermannschaft werden dagegen Markus Bednarek, Mark Winkler und Eugenio Madeo den Verein wechseln und wurden in einem w\u00fcrdigen Rahmen mit viel Beifall verabschiedet. Stephen Hoffmann dagegen entschied sich noch k\u00fcrzlich um, wird den Gr\u00fcn-Wei\u00dfen erhalten bleiben und nicht zum SuS Langscheid\/Enkhausen wechseln.<\/p>\n<p>Die mit Abstand gr\u00f6\u00dften Ehrungen schlossen sich aber erst an die Verabschiedungen an. Denn nun wurden die grandiosen Leistungen der Seniorenteams in den Vordergrund gestellt &#8211; drei von vier Mannschaften konnten die Saison mit einer Meisterschaft und einem Aufstieg abschlie\u00dfen. Die Damenmannschaft des SV H\u00fcsten 09 wurde Meister der Kreisliga B HSK und geht in der neuen Saison in der Kreisliga A HSK an den Start. Ebenfalls im Kreisliga-Oberhaus wird die zweite Seniorenmannschaft nach der Sommerpause auf Punktejagd gehen, denn am Ende der Spielzeit 2012|13 steht die Meisterschaft in der Kreisliga B zu Buche. Und sensationell kam dann noch die Bezirksligameisterschaft der Garbe-Elf hinzu, die nach nur einem Jahr in die Landesliga zur\u00fcckkehren wird.<\/p>\n<p>Nat\u00fcrlich wurde aber auch die dritte 09-Seniorenmannschaft um Trainer Daniel Wilmes f\u00fcr ihre Leistungen in der noch laufenden Spielzeit geehrt. Alle vier Teams erhielten ein gro\u00dfes Mannschaftsfoto mit den emotionalsten Bildern der Saison 2012|13. Daraufhin gaben Meinolf Hahne, Manfred Kretzer und Winfried Nienaber mit dem Vereinslied den Startschuss f\u00fcr eine rauschende Meisterfeier und feierten bis tief in die Nacht hinein eine grandiose gr\u00fcn-wei\u00dfe Saison 2012|13, die in die Geschichtsb\u00fccher eingehen und an die sich jeder gerne zur\u00fcckerinnern wird.<\/p>\n<div id=\"attachment_1874\" style=\"width: 595px\" class=\"wp-caption alignnone\"><a href=\"http:\/\/svhuesten09.de\/web\/wp-content\/uploads\/2013\/06\/meister1213-03.jpg\"><img aria-describedby=\"caption-attachment-1874\" decoding=\"async\" class=\" wp-image-1874 \" alt=\"Meinolf Hahne, Manfred Kretzer und Winfried Nienaber stimmten zum Ende des offiziellen Teils das 09-Vereinslied an.\" src=\"http:\/\/svhuesten09.de\/web\/wp-content\/uploads\/2013\/06\/meister1213-03.jpg\" width=\"585\" srcset=\"https:\/\/svhuesten09.de\/web\/wp-content\/uploads\/2013\/06\/meister1213-03.jpg 1467w, https:\/\/svhuesten09.de\/web\/wp-content\/uploads\/2013\/06\/meister1213-03-300x122.jpg 300w, https:\/\/svhuesten09.de\/web\/wp-content\/uploads\/2013\/06\/meister1213-03-1024x418.jpg 1024w, https:\/\/svhuesten09.de\/web\/wp-content\/uploads\/2013\/06\/meister1213-03-150x61.jpg 150w, https:\/\/svhuesten09.de\/web\/wp-content\/uploads\/2013\/06\/meister1213-03-100x40.jpg 100w, https:\/\/svhuesten09.de\/web\/wp-content\/uploads\/2013\/06\/meister1213-03-50x20.jpg 50w, https:\/\/svhuesten09.de\/web\/wp-content\/uploads\/2013\/06\/meister1213-03-25x10.jpg 25w, https:\/\/svhuesten09.de\/web\/wp-content\/uploads\/2013\/06\/meister1213-03-640x261.jpg 640w, https:\/\/svhuesten09.de\/web\/wp-content\/uploads\/2013\/06\/meister1213-03-160x65.jpg 160w, https:\/\/svhuesten09.de\/web\/wp-content\/uploads\/2013\/06\/meister1213-03-782x320.jpg 782w\" sizes=\"(max-width: 1467px) 100vw, 1467px\" \/><\/a><p id=\"caption-attachment-1874\" class=\"wp-caption-text\">Meinolf Hahne, Manfred Kretzer und Winfried Nienaber stimmten zum Ende des offiziellen Teils das 09-Vereinslied an.<\/p><\/div>\n","protected":false},"excerpt":{"rendered":"<p>Die Superlative kannten am Sonntagabend in H\u00fcsten keine Grenzen mehr. W\u00f6rter wie einzigartig, traumhaft, grandios und unfassbar waren fast in jedem Gespr\u00e4ch zu h\u00f6ren. Daher konnten auch die sonst so gefassten 09-Vorsitzenden Uwe Schulte und Christoph Dahlmann bei der Meisterfeier im direkten Anschluss an die Bezirksligameisterschaft ihre Euphorie nicht zur\u00fcckhalten. &#8222;Es ist einfach ph\u00e4nomenal, was [&hellip;]<\/p>\n","protected":false},"author":5,"featured_media":2466,"comment_status":"closed","ping_status":"closed","sticky":false,"template":"","format":"standard","meta":[],"categories":[32,33,34,1,63],"tags":[],"_links":{"self":[{"href":"https:\/\/svhuesten09.de\/web\/wp-json\/wp\/v2\/posts\/1415"}],"collection":[{"href":"https:\/\/svhuesten09.de\/web\/wp-json\/wp\/v2\/posts"}],"about":[{"href":"https:\/\/svhuesten09.de\/web\/wp-json\/wp\/v2\/types\/post"}],"author":[{"embeddable":true,"href":"https:\/\/svhuesten09.de\/web\/wp-json\/wp\/v2\/users\/5"}],"replies":[{"embeddable":true,"href":"https:\/\/svhuesten09.de\/web\/wp-json\/wp\/v2\/comments?post=1415"}],"version-history":[{"count":4,"href":"https:\/\/svhuesten09.de\/web\/wp-json\/wp\/v2\/posts\/1415\/revisions"}],"predecessor-version":[{"id":1886,"href":"https:\/\/svhuesten09.de\/web\/wp-json\/wp\/v2\/posts\/1415\/revisions\/1886"}],"wp:featuredmedia":[{"embeddable":true,"href":"https:\/\/svhuesten09.de\/web\/wp-json\/wp\/v2\/media\/2466"}],"wp:attachment":[{"href":"https:\/\/svhuesten09.de\/web\/wp-json\/wp\/v2\/media?parent=1415"}],"wp:term":[{"taxonomy":"category","embeddable":true,"href":"https:\/\/svhuesten09.de\/web\/wp-json\/wp\/v2\/categories?post=1415"},{"taxonomy":"post_tag","embeddable":true,"href":"https:\/\/svhuesten09.de\/web\/wp-json\/wp\/v2\/tags?post=1415"}],"curies":[{"name":"wp","href":"https:\/\/api.w.org\/{rel}","templated":true}]}}