{"id":14305,"date":"2022-12-02T16:28:35","date_gmt":"2022-12-02T15:28:35","guid":{"rendered":"https:\/\/svhuesten09.de\/web\/?p=14305"},"modified":"2022-12-02T16:28:35","modified_gmt":"2022-12-02T15:28:35","slug":"09-weihnachtsmarkt-am-03-dezember","status":"publish","type":"post","link":"https:\/\/svhuesten09.de\/web\/2022\/12\/02\/09-weihnachtsmarkt-am-03-dezember\/","title":{"rendered":"09-Weihnachtsmarkt am 03. Dezember"},"content":{"rendered":"<p>Am Samstag, den 03. Dezember, ab 15:00 Uhr ist es endlich soweit: Der SV H\u00fcsten 09 wird erstmalig einen 09-Weihnachtsmarkt auf dem Festplatz am Stadion Gro\u00dfe Wiese f\u00fcr seine Mitglieder veranstalten.<\/p>\n<p>Ein buntes, weihnachtliches Rahmenprogramm mit Stockbrotbacken, Gl\u00fchwein, Reibekuchen, Grillsteaks und Bratwurst, Kaffee und Waffeln, soll alle Teilnehmerinnen und Teilnehmer in fr\u00f6hliche Weihnachtsstimmung bringen.<\/p>\n<p>Gemeinsam mit dem H\u00fcstener M\u00e4nnerchor Liederkranz H\u00fcsten m\u00f6chten wir au\u00dferdem ein &#8222;offenes Weihnachtssingen\u201c veranstalten. Alle Teilnehmerinnen und Teilnehmer sind eingeladen, sich am gemeinsamen Singen von Advents- und Weihnachtsliedern zu beteiligen.<\/p>\n<p>Wir w\u00fcrden uns sehr freuen, wenn viele H\u00fcstener Vereine und H\u00fcstener B\u00fcrger gemeinsam mit der 09-Familie bei dieser geselligen vorweihnachtlichen Veranstaltung teilnehmen werden.<\/p>\n<p>Der Vorstand des SV H\u00fcsten 09<\/p>\n","protected":false},"excerpt":{"rendered":"<p>Am Samstag, den 03. Dezember, ab 15:00 Uhr ist es endlich soweit: Der SV H\u00fcsten 09 wird erstmalig einen 09-Weihnachtsmarkt auf dem Festplatz am Stadion Gro\u00dfe Wiese f\u00fcr seine Mitglieder veranstalten. Ein buntes, weihnachtliches Rahmenprogramm mit Stockbrotbacken, Gl\u00fchwein, Reibekuchen, Grillsteaks und Bratwurst, Kaffee und Waffeln, soll alle Teilnehmerinnen und Teilnehmer in fr\u00f6hliche Weihnachtsstimmung bringen. Gemeinsam [&hellip;]<\/p>\n","protected":false},"author":5,"featured_media":14289,"comment_status":"closed","ping_status":"closed","sticky":false,"template":"","format":"standard","meta":[],"categories":[1,59],"tags":[],"_links":{"self":[{"href":"https:\/\/svhuesten09.de\/web\/wp-json\/wp\/v2\/posts\/14305"}],"collection":[{"href":"https:\/\/svhuesten09.de\/web\/wp-json\/wp\/v2\/posts"}],"about":[{"href":"https:\/\/svhuesten09.de\/web\/wp-json\/wp\/v2\/types\/post"}],"author":[{"embeddable":true,"href":"https:\/\/svhuesten09.de\/web\/wp-json\/wp\/v2\/users\/5"}],"replies":[{"embeddable":true,"href":"https:\/\/svhuesten09.de\/web\/wp-json\/wp\/v2\/comments?post=14305"}],"version-history":[{"count":1,"href":"https:\/\/svhuesten09.de\/web\/wp-json\/wp\/v2\/posts\/14305\/revisions"}],"predecessor-version":[{"id":14306,"href":"https:\/\/svhuesten09.de\/web\/wp-json\/wp\/v2\/posts\/14305\/revisions\/14306"}],"wp:featuredmedia":[{"embeddable":true,"href":"https:\/\/svhuesten09.de\/web\/wp-json\/wp\/v2\/media\/14289"}],"wp:attachment":[{"href":"https:\/\/svhuesten09.de\/web\/wp-json\/wp\/v2\/media?parent=14305"}],"wp:term":[{"taxonomy":"category","embeddable":true,"href":"https:\/\/svhuesten09.de\/web\/wp-json\/wp\/v2\/categories?post=14305"},{"taxonomy":"post_tag","embeddable":true,"href":"https:\/\/svhuesten09.de\/web\/wp-json\/wp\/v2\/tags?post=14305"}],"curies":[{"name":"wp","href":"https:\/\/api.w.org\/{rel}","templated":true}]}}