{"id":14356,"date":"2023-01-09T09:01:18","date_gmt":"2023-01-09T08:01:18","guid":{"rendered":"https:\/\/svhuesten09.de\/web\/?p=14356"},"modified":"2023-01-09T09:01:18","modified_gmt":"2023-01-09T08:01:18","slug":"fussball-ferien-camp-beim-sv-huesten-09-7","status":"publish","type":"post","link":"https:\/\/svhuesten09.de\/web\/2023\/01\/09\/fussball-ferien-camp-beim-sv-huesten-09-7\/","title":{"rendered":"Fu\u00dfball-Ferien-Camp beim SV H\u00fcsten 09"},"content":{"rendered":"<p>Die Jugendabteilung des SV H\u00fcsten 09 veranstaltet eine Fu\u00dfball-Ferien-Aktion. Die \u201cFussball-Ferien.de\u201d finden in den Osterferien vier Tage lang von Montag, den 03. April, bis Donnerstag, den 06. April, auf der Sportanlage Gro\u00dfe Wiese in H\u00fcsten statt.<\/p>\n<p>Das Angebot richtet sich an Kinder im Alter zwischen 6 und 14 Jahren. In kleinen Gruppen soll unter qualifizierter Anleitung Spa\u00df am Fu\u00dfball und der Bewegung im Team vermittelt werden. &#8222;Bei schlechter Witterung steht uns erneut die Sporthalle Gro\u00dfe Wiese zur Verf\u00fcgung&#8220;, teilt Ralf Detzner, Pr\u00e4sidiumssprecher der Jugendabteilung des SV H\u00fcsten 09, mit.<\/p>\n<p><a href=\"https:\/\/svhuesten09.de\/web\/feriencamp-anmelden\/\"><button style=\"width: 100%; background-color: #009900; color: #fff; padding: 15px;\">HIER ANMELDEN<\/button><\/a><\/p>\n<p>Jeder Teilnehmer erh\u00e4lt zum Preis von 89 Euro einen Derbystar-Fu\u00dfball, ein Aktionsshirt vom Fu\u00dfball- und Leichtathletik Verband Westfalen, t\u00e4glich warmes Mittagessen, Getr\u00e4nke f\u00fcr die Trainingspausen und kleine Snacks f\u00fcr zwischendurch. Weiterhin sind alle Eintrittspreise und Geschenke f\u00fcr Spiele sowie die Abschlussfeier im Preis enthalten.<\/p>\n<p>Die Fussball-Ferien finden t\u00e4glich vom 10:00 Uhr bis 16:00 Uhr statt. Neben dem Training wird ein buntes und abwechslungsreiches Rahmenprogramm geboten. F\u00fcr Fragen oder Anmeldungen steht den interessierten Eltern Anja Detzner gerne telefonisch unter 02932 \/ 14 03 zur Verf\u00fcgung. Verbindlich anmelden k\u00f6nnen Sie Ihr Kind auch direkt <a href=\"https:\/\/svhuesten09.de\/web\/feriencamp-anmelden\/\"><strong>HIER<\/strong><\/a>. Die Teilnehmerzahl ist auf maximal sechzig Kinder begrenzt.<\/p>\n","protected":false},"excerpt":{"rendered":"<p>Die Jugendabteilung des SV H\u00fcsten 09 veranstaltet eine Fu\u00dfball-Ferien-Aktion. Die \u201cFussball-Ferien.de\u201d finden in den Osterferien vier Tage lang von Montag, den 03. April, bis Donnerstag, den 06. April, auf der Sportanlage Gro\u00dfe Wiese in H\u00fcsten statt. Das Angebot richtet sich an Kinder im Alter zwischen 6 und 14 Jahren. In kleinen Gruppen soll unter qualifizierter [&hellip;]<\/p>\n","protected":false},"author":5,"featured_media":11823,"comment_status":"closed","ping_status":"closed","sticky":false,"template":"","format":"standard","meta":[],"categories":[1,36,59],"tags":[],"_links":{"self":[{"href":"https:\/\/svhuesten09.de\/web\/wp-json\/wp\/v2\/posts\/14356"}],"collection":[{"href":"https:\/\/svhuesten09.de\/web\/wp-json\/wp\/v2\/posts"}],"about":[{"href":"https:\/\/svhuesten09.de\/web\/wp-json\/wp\/v2\/types\/post"}],"author":[{"embeddable":true,"href":"https:\/\/svhuesten09.de\/web\/wp-json\/wp\/v2\/users\/5"}],"replies":[{"embeddable":true,"href":"https:\/\/svhuesten09.de\/web\/wp-json\/wp\/v2\/comments?post=14356"}],"version-history":[{"count":1,"href":"https:\/\/svhuesten09.de\/web\/wp-json\/wp\/v2\/posts\/14356\/revisions"}],"predecessor-version":[{"id":14357,"href":"https:\/\/svhuesten09.de\/web\/wp-json\/wp\/v2\/posts\/14356\/revisions\/14357"}],"wp:featuredmedia":[{"embeddable":true,"href":"https:\/\/svhuesten09.de\/web\/wp-json\/wp\/v2\/media\/11823"}],"wp:attachment":[{"href":"https:\/\/svhuesten09.de\/web\/wp-json\/wp\/v2\/media?parent=14356"}],"wp:term":[{"taxonomy":"category","embeddable":true,"href":"https:\/\/svhuesten09.de\/web\/wp-json\/wp\/v2\/categories?post=14356"},{"taxonomy":"post_tag","embeddable":true,"href":"https:\/\/svhuesten09.de\/web\/wp-json\/wp\/v2\/tags?post=14356"}],"curies":[{"name":"wp","href":"https:\/\/api.w.org\/{rel}","templated":true}]}}