{"id":14488,"date":"2023-04-27T08:22:20","date_gmt":"2023-04-27T06:22:20","guid":{"rendered":"https:\/\/svhuesten09.de\/web\/?p=14488"},"modified":"2023-04-27T08:22:20","modified_gmt":"2023-04-27T06:22:20","slug":"09-wochenende-im-schnelldurchlauf-112","status":"publish","type":"post","link":"https:\/\/svhuesten09.de\/web\/2023\/04\/27\/09-wochenende-im-schnelldurchlauf-112\/","title":{"rendered":"09-Wochenende im Schnelldurchlauf"},"content":{"rendered":"<p>Der 26. Spieltag in der Kreisliga A Arnsberg beginnt f\u00fcr das H\u00fcstener Reserveteam schon am Donnerstag, den 27. April, um 19:30 Uhr. Dann n\u00e4mlich trifft die Mannschaft der Trainer Ufuk \u00dczel und Dirk Stoltefaut im vorgezogenen Meisterschaftsspiel auf den SuS Westenfeld. Nach dem 2:0-Ausw\u00e4rtserfolg am vergangenen Sonntag bei der starken SG Holzen\/Eisborn hei\u00dft es nun die Konzentration hochzuhalten.<\/p>\n<p>Noch f\u00fcnf Spieltage trennen Mannschaft, Trainer und Verein vom gro\u00dfen Erfolg, den man gemeinsam erreichen will: Die Meisterschaft in der Kreisliga A Arnsberg. Jedoch gilt es noch schwierige H\u00fcrden zu meistern &#8211; und der SV Affeln ist ein ebenb\u00fcrtiger Konkurrent. Mit dem SuS Westenfeld kommt am Donnerstagabend der Tabellendreizehnte in den Sport- und Solepark in H\u00fcsten. 29 Punkte hat der SuS im Laufe der Saison gesammelt. Um endg\u00fcltig nichts mit dem Abstieg zu tun zu haben, fehlt noch das ein oder andere P\u00fcnktchen. Das H\u00fcstener Team sollte sowohl k\u00e4mpferisch als auch spielerisch alles in die Waagschale werfen, um erfolgreich zu sein und die drei Punkte in H\u00fcsten zu behalten. Die 09-Fans werden dabei sicherlich wieder unterst\u00fctzen.<\/p>\n<p>Im Einsatz sind am Samstag, den 29. April, die U15-Landesligamannschaft und die U19-Bezirksligamannschaft des JLZ Neheim-H\u00fcsten. Die U15 empf\u00e4ngt um 15:00 Uhr den TuS Sundern zum Derby, woran sich um 16:45 Uhr das Spiel der U19 gegen den TuS Erndtebr\u00fcck anschlie\u00dft. Beide Spiele werden auf dem H\u00fcstener Kunstrasenplatz ausgetragen.<\/p>\n<p>Am Sonntag, den 30. April, um 12:45 Uhr trifft die dritte Mannschaft im Arnsberger Eichholz auf die Zweitvertretung des SV Arnsberg 09. Das rettende Ufer in der Kreisliga B Arnsberg ist f\u00fcr die Gr\u00fcn-Wei\u00dfen nicht mehr zu erreichen. Deshalb gilt es, die Saison vern\u00fcnftig zu Ende zu spielen und im kommenden Jahr einen Neuanfang in der Kreisliga C Arnsberg zu starten. Kopf hoch, Jungs &#8211; es geht weiter. <\/p>\n<p>F\u00fcr die erste Mannschaft wird es am Sonntag, den 30. April, um 15:00 Uhr im Stadion Gro\u00dfe Wiese ernst. Nach dem 2:0-Erfolg in Bad Berleburg kommt es nun zum Kr\u00e4ftemessen mit Fatih T\u00fcrkg\u00fcc\u00fc Meschede. Der sehr starke Aufsteiger liegt nur vier Punkte hinter Spitzenreiter TuS Sundern zur\u00fcck und rechnet sich nat\u00fcrlich noch reelle Chancen auf den Landesligaaufstieg aus. Schlie\u00dflich hat man Sundern eine Woche sp\u00e4ter im D\u00fcnnefeldstadion zu Gast. Das H\u00fcstener Team um Trainer Klaus Borschel wollen nat\u00fcrlich die Punkte nicht herschenken, sondern die Fans nach der 2:3-Heimpleite gegen die SGC Serkenrode\/Fretter wieder zufriedenstellen. Also Jungs: Werft alles rein, um den dritten Platz weiter zu festigen. <\/p>\n<p>Gl\u00fcck auf, 09!<\/p>\n","protected":false},"excerpt":{"rendered":"<p>Der 26. Spieltag in der Kreisliga A Arnsberg beginnt f\u00fcr das H\u00fcstener Reserveteam schon am Donnerstag, den 27. April, um 19:30 Uhr. Dann n\u00e4mlich trifft die Mannschaft der Trainer Ufuk \u00dczel und Dirk Stoltefaut im vorgezogenen Meisterschaftsspiel auf den SuS Westenfeld. Nach dem 2:0-Ausw\u00e4rtserfolg am vergangenen Sonntag bei der starken SG Holzen\/Eisborn hei\u00dft es nun [&hellip;]<\/p>\n","protected":false},"author":5,"featured_media":14489,"comment_status":"closed","ping_status":"closed","sticky":false,"template":"","format":"standard","meta":[],"categories":[32,33,34,1,41,37],"tags":[],"_links":{"self":[{"href":"https:\/\/svhuesten09.de\/web\/wp-json\/wp\/v2\/posts\/14488"}],"collection":[{"href":"https:\/\/svhuesten09.de\/web\/wp-json\/wp\/v2\/posts"}],"about":[{"href":"https:\/\/svhuesten09.de\/web\/wp-json\/wp\/v2\/types\/post"}],"author":[{"embeddable":true,"href":"https:\/\/svhuesten09.de\/web\/wp-json\/wp\/v2\/users\/5"}],"replies":[{"embeddable":true,"href":"https:\/\/svhuesten09.de\/web\/wp-json\/wp\/v2\/comments?post=14488"}],"version-history":[{"count":1,"href":"https:\/\/svhuesten09.de\/web\/wp-json\/wp\/v2\/posts\/14488\/revisions"}],"predecessor-version":[{"id":14490,"href":"https:\/\/svhuesten09.de\/web\/wp-json\/wp\/v2\/posts\/14488\/revisions\/14490"}],"wp:featuredmedia":[{"embeddable":true,"href":"https:\/\/svhuesten09.de\/web\/wp-json\/wp\/v2\/media\/14489"}],"wp:attachment":[{"href":"https:\/\/svhuesten09.de\/web\/wp-json\/wp\/v2\/media?parent=14488"}],"wp:term":[{"taxonomy":"category","embeddable":true,"href":"https:\/\/svhuesten09.de\/web\/wp-json\/wp\/v2\/categories?post=14488"},{"taxonomy":"post_tag","embeddable":true,"href":"https:\/\/svhuesten09.de\/web\/wp-json\/wp\/v2\/tags?post=14488"}],"curies":[{"name":"wp","href":"https:\/\/api.w.org\/{rel}","templated":true}]}}