{"id":14516,"date":"2023-05-22T18:48:33","date_gmt":"2023-05-22T16:48:33","guid":{"rendered":"https:\/\/svhuesten09.de\/web\/?p=14516"},"modified":"2023-05-22T18:48:33","modified_gmt":"2023-05-22T16:48:33","slug":"09-stammtisch-am-26-mai-im-vereinsheim","status":"publish","type":"post","link":"https:\/\/svhuesten09.de\/web\/2023\/05\/22\/09-stammtisch-am-26-mai-im-vereinsheim\/","title":{"rendered":"09-Stammtisch am 26. Mai im Vereinsheim"},"content":{"rendered":"<p>Am Freitag, den 26. Mai, findet ab 19:00 Uhr der n\u00e4chste 09-Stammtisch zum Saisonausklang im Vereinsheim im Stadion Gro\u00dfe Wiese statt.<\/p>\n<p>Alle interessierten 09-Mitglieder (aktive und passive, Alt und Jung) sind zur Teilnahme aufgerufen, um einige sch\u00f6ne gemeinsame Stunden in geselliger Runde im Kreise der 09-Familie zu verbringen. Gezapftes Veltins-Bier und andere k\u00fchle Flaschengetr\u00e4nke sowie ein kleiner Imbiss sind zu fairen Mitglieder-Preisen beim 09-Stammtisch erh\u00e4ltlich. Somit ist auch f\u00fcr das leibliche Wohl bestens gesorgt.<\/p>\n<p>&#8222;Wir w\u00fcrden uns sehr freuen, wenn viele interessierte Vereinsmitglieder am 09-Stammtisch teilnehmen werden&#8220;, sagt Rainer M\u00fcller, erster Vorsitzender des SV H\u00fcsten 09.<\/p>\n","protected":false},"excerpt":{"rendered":"<p>Am Freitag, den 26. Mai, findet ab 19:00 Uhr der n\u00e4chste 09-Stammtisch zum Saisonausklang im Vereinsheim im Stadion Gro\u00dfe Wiese statt. Alle interessierten 09-Mitglieder (aktive und passive, Alt und Jung) sind zur Teilnahme aufgerufen, um einige sch\u00f6ne gemeinsame Stunden in geselliger Runde im Kreise der 09-Familie zu verbringen. Gezapftes Veltins-Bier und andere k\u00fchle Flaschengetr\u00e4nke sowie [&hellip;]<\/p>\n","protected":false},"author":5,"featured_media":10689,"comment_status":"closed","ping_status":"closed","sticky":false,"template":"","format":"standard","meta":[],"categories":[1,59],"tags":[],"_links":{"self":[{"href":"https:\/\/svhuesten09.de\/web\/wp-json\/wp\/v2\/posts\/14516"}],"collection":[{"href":"https:\/\/svhuesten09.de\/web\/wp-json\/wp\/v2\/posts"}],"about":[{"href":"https:\/\/svhuesten09.de\/web\/wp-json\/wp\/v2\/types\/post"}],"author":[{"embeddable":true,"href":"https:\/\/svhuesten09.de\/web\/wp-json\/wp\/v2\/users\/5"}],"replies":[{"embeddable":true,"href":"https:\/\/svhuesten09.de\/web\/wp-json\/wp\/v2\/comments?post=14516"}],"version-history":[{"count":1,"href":"https:\/\/svhuesten09.de\/web\/wp-json\/wp\/v2\/posts\/14516\/revisions"}],"predecessor-version":[{"id":14517,"href":"https:\/\/svhuesten09.de\/web\/wp-json\/wp\/v2\/posts\/14516\/revisions\/14517"}],"wp:featuredmedia":[{"embeddable":true,"href":"https:\/\/svhuesten09.de\/web\/wp-json\/wp\/v2\/media\/10689"}],"wp:attachment":[{"href":"https:\/\/svhuesten09.de\/web\/wp-json\/wp\/v2\/media?parent=14516"}],"wp:term":[{"taxonomy":"category","embeddable":true,"href":"https:\/\/svhuesten09.de\/web\/wp-json\/wp\/v2\/categories?post=14516"},{"taxonomy":"post_tag","embeddable":true,"href":"https:\/\/svhuesten09.de\/web\/wp-json\/wp\/v2\/tags?post=14516"}],"curies":[{"name":"wp","href":"https:\/\/api.w.org\/{rel}","templated":true}]}}