{"id":14521,"date":"2023-05-31T08:06:08","date_gmt":"2023-05-31T06:06:08","guid":{"rendered":"https:\/\/svhuesten09.de\/web\/?p=14521"},"modified":"2023-05-31T08:06:08","modified_gmt":"2023-05-31T06:06:08","slug":"sv-huesten-09-trauert-um-horst-bertram","status":"publish","type":"post","link":"https:\/\/svhuesten09.de\/web\/2023\/05\/31\/sv-huesten-09-trauert-um-horst-bertram\/","title":{"rendered":"SV H\u00fcsten 09 trauert um Horst Bertram"},"content":{"rendered":"<p>Die traurige Nachricht erreichte uns zu Pfingsten: Am 27. Mai verstarb der ehemalige Trainer unserer 1. Mannschaft Horst Bertram 74-j\u00e4hrig in Dortmund.<\/p>\n<p>F\u00fcnf Spielzeiten stand der Verstorbene als sportlicher Leiter an der Seitenlinie im Stadion Gro\u00dfe Wiese. Mit seinem Namen ist die grandiose Spielzeit 1984\/85 eng verbunden. Als Absteiger aus der Oberliga gelang den 09ern die Verbandsligameisterschaft und damit der direkte Wiederaufstieg in die h\u00f6chste deutsche Amateurklasse. Nach zwei Oberligaspielzeiten verlie\u00df Horst Bertram unseren Verein. Seine Verbundenheit zu H\u00fcsten 09 blieb aber stets bestehen. Von 1999 bis zum Jahr 2001 half er erneut als Trainer in H\u00fcsten aus, trainierte die 1. Mannschaft in schweren Zeiten in der Kreisliga.<\/p>\n<p>Horst Bertram hat sich als fairer Sportsmann in H\u00fcsten einen Namen und viele Freunde gemacht. Die Trauer um den ehemalige Bundesliga-Torh\u00fcter der Dortmunder Borussia ist gro\u00df. Wir werden sein Andenken in Ehren halten.<\/p>\n","protected":false},"excerpt":{"rendered":"<p>Die traurige Nachricht erreichte uns zu Pfingsten: Am 27. Mai verstarb der ehemalige Trainer unserer 1. Mannschaft Horst Bertram 74-j\u00e4hrig in Dortmund. F\u00fcnf Spielzeiten stand der Verstorbene als sportlicher Leiter an der Seitenlinie im Stadion Gro\u00dfe Wiese. Mit seinem Namen ist die grandiose Spielzeit 1984\/85 eng verbunden. Als Absteiger aus der Oberliga gelang den 09ern [&hellip;]<\/p>\n","protected":false},"author":5,"featured_media":14522,"comment_status":"closed","ping_status":"closed","sticky":false,"template":"","format":"standard","meta":[],"categories":[1,59],"tags":[],"_links":{"self":[{"href":"https:\/\/svhuesten09.de\/web\/wp-json\/wp\/v2\/posts\/14521"}],"collection":[{"href":"https:\/\/svhuesten09.de\/web\/wp-json\/wp\/v2\/posts"}],"about":[{"href":"https:\/\/svhuesten09.de\/web\/wp-json\/wp\/v2\/types\/post"}],"author":[{"embeddable":true,"href":"https:\/\/svhuesten09.de\/web\/wp-json\/wp\/v2\/users\/5"}],"replies":[{"embeddable":true,"href":"https:\/\/svhuesten09.de\/web\/wp-json\/wp\/v2\/comments?post=14521"}],"version-history":[{"count":1,"href":"https:\/\/svhuesten09.de\/web\/wp-json\/wp\/v2\/posts\/14521\/revisions"}],"predecessor-version":[{"id":14523,"href":"https:\/\/svhuesten09.de\/web\/wp-json\/wp\/v2\/posts\/14521\/revisions\/14523"}],"wp:featuredmedia":[{"embeddable":true,"href":"https:\/\/svhuesten09.de\/web\/wp-json\/wp\/v2\/media\/14522"}],"wp:attachment":[{"href":"https:\/\/svhuesten09.de\/web\/wp-json\/wp\/v2\/media?parent=14521"}],"wp:term":[{"taxonomy":"category","embeddable":true,"href":"https:\/\/svhuesten09.de\/web\/wp-json\/wp\/v2\/categories?post=14521"},{"taxonomy":"post_tag","embeddable":true,"href":"https:\/\/svhuesten09.de\/web\/wp-json\/wp\/v2\/tags?post=14521"}],"curies":[{"name":"wp","href":"https:\/\/api.w.org\/{rel}","templated":true}]}}