{"id":14639,"date":"2023-08-01T17:49:34","date_gmt":"2023-08-01T15:49:34","guid":{"rendered":"https:\/\/svhuesten09.de\/web\/?p=14639"},"modified":"2023-08-01T17:49:34","modified_gmt":"2023-08-01T15:49:34","slug":"sv-huesten-09-zieht-positives-fazit-nach-2-als-logistik-cup","status":"publish","type":"post","link":"https:\/\/svhuesten09.de\/web\/2023\/08\/01\/sv-huesten-09-zieht-positives-fazit-nach-2-als-logistik-cup\/","title":{"rendered":"SV H\u00fcsten 09 zieht positives Fazit nach 2. ALS-Logistik-Cup"},"content":{"rendered":"<p>Der 2. ALS-Logistik-Cup hat sich etabliert. Sechs Mannschaften nahmen am letzten Juli-Wochenende wieder an dem Vorbereitungsturnier f\u00fcr Kreisligisten teil und das Fazit war durchweg positiv.<\/p>\n<p>Die Organisation und die Bewirtung waren top, sportlich hatte es besonders der Finaltag in sich, die Zuschauer nahmen das Turnier an und das Wetter spielte entgegen der Voraussage auch mit. Herzlichen Dank sagt der SV H\u00fcsten 09 den leitenden Schiedsrichtern und den teilnehmenden Mannschaften vom SuS Langscheid\/Enkhausen II, der SG Holzen\/Eisborn, dem SSV Meschede, den beiden H\u00fcstener Teams und dem verdienten Turniersieger FC Neheim-Erlenbruch.<\/p>\n<p>Amer Siala, Trainer des Siegerteams, sagte nach den zwei Tagen: &#8222;Das war ein Tolles Turnier, perfekte Organisation. Wir konnten \u00fcber die zwei Tage unseren Leistungsstand vor dem Saisonstart nochmal \u00fcberpr\u00fcfen und daf\u00fcr noch einen Pokal und eine Siegpr\u00e4mie mitnehmen. Wir kommen in der kommenden Saison sehr gerne wieder.&#8220;<\/p>\n<p>&#8222;Als Veranstalter sind wir mit dem Verlauf des Turniers mehr als zufrieden. Gratulation an den FC Neheim-Erlenbruch zum Turniersieg. Dieses Team geh\u00f6rt sicherlich zu den Titelanw\u00e4rtern in der Kreisliga A Arnsberg. Wir w\u00fcnschen allen teilnehmenden Mannschaften eine guten Start und viel Erfolg in der Saison 2023|24. Ein herzliches Dankesch\u00f6n m\u00f6chten wir aber auch an unsere Sponsoren sowie unsere Vereinsmitglieder und Helfer richten, ohne die die Ausrichtung des Turniers nicht denkbar w\u00e4re. Wir freuen uns auf das n\u00e4chste Jahr und den 3. ALS-Logistik-Cup&#8220;, sagte 09-Urgestein Thomas K\u00f6hler, der sich als Turnierorganisator des SV H\u00fcsten 09 verantwortlich zeigte.<\/p>\n","protected":false},"excerpt":{"rendered":"<p>Der 2. ALS-Logistik-Cup hat sich etabliert. Sechs Mannschaften nahmen am letzten Juli-Wochenende wieder an dem Vorbereitungsturnier f\u00fcr Kreisligisten teil und das Fazit war durchweg positiv. Die Organisation und die Bewirtung waren top, sportlich hatte es besonders der Finaltag in sich, die Zuschauer nahmen das Turnier an und das Wetter spielte entgegen der Voraussage auch mit. [&hellip;]<\/p>\n","protected":false},"author":5,"featured_media":14600,"comment_status":"closed","ping_status":"closed","sticky":false,"template":"","format":"standard","meta":[],"categories":[1,59],"tags":[],"_links":{"self":[{"href":"https:\/\/svhuesten09.de\/web\/wp-json\/wp\/v2\/posts\/14639"}],"collection":[{"href":"https:\/\/svhuesten09.de\/web\/wp-json\/wp\/v2\/posts"}],"about":[{"href":"https:\/\/svhuesten09.de\/web\/wp-json\/wp\/v2\/types\/post"}],"author":[{"embeddable":true,"href":"https:\/\/svhuesten09.de\/web\/wp-json\/wp\/v2\/users\/5"}],"replies":[{"embeddable":true,"href":"https:\/\/svhuesten09.de\/web\/wp-json\/wp\/v2\/comments?post=14639"}],"version-history":[{"count":1,"href":"https:\/\/svhuesten09.de\/web\/wp-json\/wp\/v2\/posts\/14639\/revisions"}],"predecessor-version":[{"id":14640,"href":"https:\/\/svhuesten09.de\/web\/wp-json\/wp\/v2\/posts\/14639\/revisions\/14640"}],"wp:featuredmedia":[{"embeddable":true,"href":"https:\/\/svhuesten09.de\/web\/wp-json\/wp\/v2\/media\/14600"}],"wp:attachment":[{"href":"https:\/\/svhuesten09.de\/web\/wp-json\/wp\/v2\/media?parent=14639"}],"wp:term":[{"taxonomy":"category","embeddable":true,"href":"https:\/\/svhuesten09.de\/web\/wp-json\/wp\/v2\/categories?post=14639"},{"taxonomy":"post_tag","embeddable":true,"href":"https:\/\/svhuesten09.de\/web\/wp-json\/wp\/v2\/tags?post=14639"}],"curies":[{"name":"wp","href":"https:\/\/api.w.org\/{rel}","templated":true}]}}