{"id":14751,"date":"2023-10-19T14:38:31","date_gmt":"2023-10-19T12:38:31","guid":{"rendered":"https:\/\/svhuesten09.de\/web\/?p=14751"},"modified":"2023-10-19T14:38:31","modified_gmt":"2023-10-19T12:38:31","slug":"alt-internationaler-fruehschoppen-am-22-oktober-im-09-vereinsheim","status":"publish","type":"post","link":"https:\/\/svhuesten09.de\/web\/2023\/10\/19\/alt-internationaler-fruehschoppen-am-22-oktober-im-09-vereinsheim\/","title":{"rendered":"Alt-Internationaler Fr\u00fchschoppen am 22. Oktober im 09-Vereinsheim"},"content":{"rendered":"<p>Am Sonntag, den 22. Oktober, findet ab 11:00 Uhr im 09-Vereinsheim im Stadion Gro\u00dfe Wiese der traditionelle Alt-Internationale Fr\u00fchschoppen des SV H\u00fcsten 09 statt. Alle Mitglieder ab dem 60. Lebensjahr sind hierzu wieder herzlich eingeladen.<\/p>\n<p>Eingebunden in diesen Tag ist ein kurzer Ausblick auf anstehende Neuerungen sowie die Meisterschafts-Heimspiele der zweiten Mannschaft um 13:00 Uhr gegen TuS Vo\u00dfwinkel auf dem Kunstrasenplatz und der Bezirksligamannschaft um 15:00 Uhr gegen die SG Winterberg\/Z\u00fcschen im Stadion Gro\u00dfe Wiese.<\/p>\n<p>&#8222;Wir w\u00fcrden uns sehr freuen, wenn viele interessierte Vereinsmitglieder \u00fcber 60 Jahre am Alt-Internationalen Fr\u00fchschoppen teilnehmen werden&#8220;, sagt Rainer M\u00fcller, erster Vorsitzender des SV H\u00fcsten 09, im Namen des Vorstandes.<\/p>\n","protected":false},"excerpt":{"rendered":"<p>Am Sonntag, den 22. Oktober, findet ab 11:00 Uhr im 09-Vereinsheim im Stadion Gro\u00dfe Wiese der traditionelle Alt-Internationale Fr\u00fchschoppen des SV H\u00fcsten 09 statt. Alle Mitglieder ab dem 60. Lebensjahr sind hierzu wieder herzlich eingeladen. Eingebunden in diesen Tag ist ein kurzer Ausblick auf anstehende Neuerungen sowie die Meisterschafts-Heimspiele der zweiten Mannschaft um 13:00 Uhr [&hellip;]<\/p>\n","protected":false},"author":5,"featured_media":3404,"comment_status":"closed","ping_status":"closed","sticky":false,"template":"","format":"standard","meta":[],"categories":[1,59],"tags":[],"_links":{"self":[{"href":"https:\/\/svhuesten09.de\/web\/wp-json\/wp\/v2\/posts\/14751"}],"collection":[{"href":"https:\/\/svhuesten09.de\/web\/wp-json\/wp\/v2\/posts"}],"about":[{"href":"https:\/\/svhuesten09.de\/web\/wp-json\/wp\/v2\/types\/post"}],"author":[{"embeddable":true,"href":"https:\/\/svhuesten09.de\/web\/wp-json\/wp\/v2\/users\/5"}],"replies":[{"embeddable":true,"href":"https:\/\/svhuesten09.de\/web\/wp-json\/wp\/v2\/comments?post=14751"}],"version-history":[{"count":1,"href":"https:\/\/svhuesten09.de\/web\/wp-json\/wp\/v2\/posts\/14751\/revisions"}],"predecessor-version":[{"id":14752,"href":"https:\/\/svhuesten09.de\/web\/wp-json\/wp\/v2\/posts\/14751\/revisions\/14752"}],"wp:featuredmedia":[{"embeddable":true,"href":"https:\/\/svhuesten09.de\/web\/wp-json\/wp\/v2\/media\/3404"}],"wp:attachment":[{"href":"https:\/\/svhuesten09.de\/web\/wp-json\/wp\/v2\/media?parent=14751"}],"wp:term":[{"taxonomy":"category","embeddable":true,"href":"https:\/\/svhuesten09.de\/web\/wp-json\/wp\/v2\/categories?post=14751"},{"taxonomy":"post_tag","embeddable":true,"href":"https:\/\/svhuesten09.de\/web\/wp-json\/wp\/v2\/tags?post=14751"}],"curies":[{"name":"wp","href":"https:\/\/api.w.org\/{rel}","templated":true}]}}