{"id":14841,"date":"2023-12-02T15:39:33","date_gmt":"2023-12-02T14:39:33","guid":{"rendered":"https:\/\/svhuesten09.de\/web\/?p=14841"},"modified":"2023-12-02T19:41:52","modified_gmt":"2023-12-02T18:41:52","slug":"ex-huestener-almugera-kabar-schiesst-deutsche-u17-zum-wm-titel","status":"publish","type":"post","link":"https:\/\/svhuesten09.de\/web\/2023\/12\/02\/ex-huestener-almugera-kabar-schiesst-deutsche-u17-zum-wm-titel\/","title":{"rendered":"H\u00fcstener Almugera Kabar schie\u00dft deutsche U17 zum WM-Titel"},"content":{"rendered":"<p>Die deutsche U17-Nationalmannschaft ist am Samstag, den 02. Dezember, erstmals Weltmeister geworden. Besonders stolz macht den SV H\u00fcsten 09, das ausgerechnet der ehemalige 09er Almugera Kabar im Elfmeterschie\u00dfen den entscheidenden Treffer zum 4:3-Sieg gegen Frankreich erzielte.<\/p>\n<p>Der Verein gratuliert der Mannschaft und nat\u00fcrlich insbesondere Almugera Kabar zu diesem historischen Erfolg!<\/p>\n<div class=\"fb-post\" data-href=\"https:\/\/www.facebook.com\/DFB.Junioren\/posts\/pfbid0HKu2bu5xNRa3Q1spoiDvJqFcRMPetYGxBW5FjejSu2RuW19RkvTeuWiMFoyF7gXTl\" data-width=\"570\" data-show-text=\"true\">\n<blockquote class=\"fb-xfbml-parse-ignore\" cite=\"https:\/\/www.facebook.com\/DFB.Junioren\/posts\/900244581463137\"><p>Nicht in Worte zu fassen. DEUTSCHLAND IST WELTMEISTER!<\/p>\n<p>#GERFRA #U17WM #HERZZEIGEN | FIFA<\/p>\n<p>Gepostet von <a href=\"https:\/\/www.facebook.com\/DFB.Junioren\">DFB-Junioren<\/a> am&nbsp;<a href=\"https:\/\/www.facebook.com\/DFB.Junioren\/posts\/900244581463137\">Samstag, 2. Dezember 2023<\/a><\/p><\/blockquote>\n<\/div>\n","protected":false},"excerpt":{"rendered":"<p>Die deutsche U17-Nationalmannschaft ist am Samstag, den 02. Dezember, erstmals Weltmeister geworden. Besonders stolz macht den SV H\u00fcsten 09, das ausgerechnet der ehemalige 09er Almugera Kabar im Elfmeterschie\u00dfen den entscheidenden Treffer zum 4:3-Sieg gegen Frankreich erzielte. Der Verein gratuliert der Mannschaft und nat\u00fcrlich insbesondere Almugera Kabar zu diesem historischen Erfolg! Nicht in Worte zu fassen. [&hellip;]<\/p>\n","protected":false},"author":5,"featured_media":14843,"comment_status":"closed","ping_status":"closed","sticky":false,"template":"","format":"standard","meta":[],"categories":[1,36,59],"tags":[],"_links":{"self":[{"href":"https:\/\/svhuesten09.de\/web\/wp-json\/wp\/v2\/posts\/14841"}],"collection":[{"href":"https:\/\/svhuesten09.de\/web\/wp-json\/wp\/v2\/posts"}],"about":[{"href":"https:\/\/svhuesten09.de\/web\/wp-json\/wp\/v2\/types\/post"}],"author":[{"embeddable":true,"href":"https:\/\/svhuesten09.de\/web\/wp-json\/wp\/v2\/users\/5"}],"replies":[{"embeddable":true,"href":"https:\/\/svhuesten09.de\/web\/wp-json\/wp\/v2\/comments?post=14841"}],"version-history":[{"count":6,"href":"https:\/\/svhuesten09.de\/web\/wp-json\/wp\/v2\/posts\/14841\/revisions"}],"predecessor-version":[{"id":14848,"href":"https:\/\/svhuesten09.de\/web\/wp-json\/wp\/v2\/posts\/14841\/revisions\/14848"}],"wp:featuredmedia":[{"embeddable":true,"href":"https:\/\/svhuesten09.de\/web\/wp-json\/wp\/v2\/media\/14843"}],"wp:attachment":[{"href":"https:\/\/svhuesten09.de\/web\/wp-json\/wp\/v2\/media?parent=14841"}],"wp:term":[{"taxonomy":"category","embeddable":true,"href":"https:\/\/svhuesten09.de\/web\/wp-json\/wp\/v2\/categories?post=14841"},{"taxonomy":"post_tag","embeddable":true,"href":"https:\/\/svhuesten09.de\/web\/wp-json\/wp\/v2\/tags?post=14841"}],"curies":[{"name":"wp","href":"https:\/\/api.w.org\/{rel}","templated":true}]}}