{"id":14982,"date":"2024-03-20T22:19:50","date_gmt":"2024-03-20T21:19:50","guid":{"rendered":"https:\/\/svhuesten09.de\/web\/?p=14982"},"modified":"2024-03-21T10:09:39","modified_gmt":"2024-03-21T09:09:39","slug":"altherren-gewinnen-in-freienohl-mit-70","status":"publish","type":"post","link":"https:\/\/svhuesten09.de\/web\/2024\/03\/20\/altherren-gewinnen-in-freienohl-mit-70\/","title":{"rendered":"Altherren gewinnen in Freienohl mit 7:0"},"content":{"rendered":"<p>Die Altherren des SV H\u00fcsten 09 haben im Kreispokal souver\u00e4n das Finale erreicht. Bei TuRa Freienohl feierten die Gr\u00fcn-Wei\u00dfen am Mittwoch, den 20. M\u00e4rz, einen 7:0-Kantersieg. Die Tore f\u00fcr die H\u00fcstener erzielten Marcel Kern (3), Dirk Stoltefaut (3) und Pasqualino Carpensano.<\/p>\n","protected":false},"excerpt":{"rendered":"<p>Die Altherren des SV H\u00fcsten 09 haben im Kreispokal souver\u00e4n das Finale erreicht. Bei TuRa Freienohl feierten die Gr\u00fcn-Wei\u00dfen am Mittwoch, den 20. M\u00e4rz, einen 7:0-Kantersieg. Die Tore f\u00fcr die H\u00fcstener erzielten Marcel Kern (3), Dirk Stoltefaut (3) und Pasqualino Carpensano.<\/p>\n","protected":false},"author":5,"featured_media":13150,"comment_status":"closed","ping_status":"closed","sticky":false,"template":"","format":"standard","meta":[],"categories":[1,58],"tags":[],"_links":{"self":[{"href":"https:\/\/svhuesten09.de\/web\/wp-json\/wp\/v2\/posts\/14982"}],"collection":[{"href":"https:\/\/svhuesten09.de\/web\/wp-json\/wp\/v2\/posts"}],"about":[{"href":"https:\/\/svhuesten09.de\/web\/wp-json\/wp\/v2\/types\/post"}],"author":[{"embeddable":true,"href":"https:\/\/svhuesten09.de\/web\/wp-json\/wp\/v2\/users\/5"}],"replies":[{"embeddable":true,"href":"https:\/\/svhuesten09.de\/web\/wp-json\/wp\/v2\/comments?post=14982"}],"version-history":[{"count":2,"href":"https:\/\/svhuesten09.de\/web\/wp-json\/wp\/v2\/posts\/14982\/revisions"}],"predecessor-version":[{"id":14984,"href":"https:\/\/svhuesten09.de\/web\/wp-json\/wp\/v2\/posts\/14982\/revisions\/14984"}],"wp:featuredmedia":[{"embeddable":true,"href":"https:\/\/svhuesten09.de\/web\/wp-json\/wp\/v2\/media\/13150"}],"wp:attachment":[{"href":"https:\/\/svhuesten09.de\/web\/wp-json\/wp\/v2\/media?parent=14982"}],"wp:term":[{"taxonomy":"category","embeddable":true,"href":"https:\/\/svhuesten09.de\/web\/wp-json\/wp\/v2\/categories?post=14982"},{"taxonomy":"post_tag","embeddable":true,"href":"https:\/\/svhuesten09.de\/web\/wp-json\/wp\/v2\/tags?post=14982"}],"curies":[{"name":"wp","href":"https:\/\/api.w.org\/{rel}","templated":true}]}}