{"id":15022,"date":"2024-04-18T16:37:42","date_gmt":"2024-04-18T14:37:42","guid":{"rendered":"https:\/\/svhuesten09.de\/web\/?p=15022"},"modified":"2024-04-18T16:37:42","modified_gmt":"2024-04-18T14:37:42","slug":"115-jahre-sv-huesten-09","status":"publish","type":"post","link":"https:\/\/svhuesten09.de\/web\/2024\/04\/18\/115-jahre-sv-huesten-09\/","title":{"rendered":"115 Jahre SV H\u00fcsten 09"},"content":{"rendered":"<p>Der SV H\u00fcsten 09 begeht am heutigen Donnerstag, den 18. April, seinen 115. Geburtstag. Zum Feiertag w\u00fcnscht der SV H\u00fcsten 09 all seinen Mitgliedern, Freunden und G\u00f6nnern einen sch\u00f6nen Dienstag. Der Verein bedankt sich f\u00fcr den gro\u00dfartigen Fanzuspruch in den vergangenen Jahren, ohne den die j\u00fcngsten Erfolge der Vereinsgeschichte nicht m\u00f6glich gewesen w\u00e4ren.<\/p>\n","protected":false},"excerpt":{"rendered":"<p>Der SV H\u00fcsten 09 begeht am heutigen Donnerstag, den 18. April, seinen 115. Geburtstag. Zum Feiertag w\u00fcnscht der SV H\u00fcsten 09 all seinen Mitgliedern, Freunden und G\u00f6nnern einen sch\u00f6nen Dienstag. Der Verein bedankt sich f\u00fcr den gro\u00dfartigen Fanzuspruch in den vergangenen Jahren, ohne den die j\u00fcngsten Erfolge der Vereinsgeschichte nicht m\u00f6glich gewesen w\u00e4ren.<\/p>\n","protected":false},"author":5,"featured_media":6067,"comment_status":"closed","ping_status":"closed","sticky":false,"template":"","format":"standard","meta":[],"categories":[1,59],"tags":[],"_links":{"self":[{"href":"https:\/\/svhuesten09.de\/web\/wp-json\/wp\/v2\/posts\/15022"}],"collection":[{"href":"https:\/\/svhuesten09.de\/web\/wp-json\/wp\/v2\/posts"}],"about":[{"href":"https:\/\/svhuesten09.de\/web\/wp-json\/wp\/v2\/types\/post"}],"author":[{"embeddable":true,"href":"https:\/\/svhuesten09.de\/web\/wp-json\/wp\/v2\/users\/5"}],"replies":[{"embeddable":true,"href":"https:\/\/svhuesten09.de\/web\/wp-json\/wp\/v2\/comments?post=15022"}],"version-history":[{"count":1,"href":"https:\/\/svhuesten09.de\/web\/wp-json\/wp\/v2\/posts\/15022\/revisions"}],"predecessor-version":[{"id":15023,"href":"https:\/\/svhuesten09.de\/web\/wp-json\/wp\/v2\/posts\/15022\/revisions\/15023"}],"wp:featuredmedia":[{"embeddable":true,"href":"https:\/\/svhuesten09.de\/web\/wp-json\/wp\/v2\/media\/6067"}],"wp:attachment":[{"href":"https:\/\/svhuesten09.de\/web\/wp-json\/wp\/v2\/media?parent=15022"}],"wp:term":[{"taxonomy":"category","embeddable":true,"href":"https:\/\/svhuesten09.de\/web\/wp-json\/wp\/v2\/categories?post=15022"},{"taxonomy":"post_tag","embeddable":true,"href":"https:\/\/svhuesten09.de\/web\/wp-json\/wp\/v2\/tags?post=15022"}],"curies":[{"name":"wp","href":"https:\/\/api.w.org\/{rel}","templated":true}]}}