{"id":15178,"date":"2024-08-20T10:00:42","date_gmt":"2024-08-20T08:00:42","guid":{"rendered":"https:\/\/svhuesten09.de\/web\/?p=15178"},"modified":"2024-08-19T16:45:48","modified_gmt":"2024-08-19T14:45:48","slug":"sv-huesten-09-gratuliert-rainer-mueller-zum-60-geburtstag","status":"publish","type":"post","link":"https:\/\/svhuesten09.de\/web\/2024\/08\/20\/sv-huesten-09-gratuliert-rainer-mueller-zum-60-geburtstag\/","title":{"rendered":"SV H\u00fcsten 09 gratuliert Rainer M\u00fcller zum 60. Geburtstag"},"content":{"rendered":"<p>Der erste Vorsitzende des SV H\u00fcsten 09, Rainer M\u00fcller, feiert am Dienstag, den 20. August, seinen 60. Geburtstag.<\/p>\n<p>Lieber Rainer, der Vorstand, der 09-Beirat, das n\u00e4here Umfeld, die Senioren- und Juniorenabteilung, die Alt-Liga und die Fans des SV H\u00fcsten 09 sowie vor allen Dingen deine Familie mit Andrea gratulieren Dir zu Deinem Ehrentag recht herzlich. <\/p>\n<p>Wir alle w\u00fcnschen dir alles erdenklich Gute f\u00fcr die Zukunft, bleib gesund und noch lange den gr\u00fcn-wei\u00dfen Farben in vorderster Front erhalten. Du tust dem Verein gut!<\/p>\n<p>Herzlichst gratuliert dir die Redaktion im Namen aller 09er! Gl\u00fcck auf, Rainer und dem SV H\u00fcsten 09!<\/p>\n","protected":false},"excerpt":{"rendered":"<p>Der erste Vorsitzende des SV H\u00fcsten 09, Rainer M\u00fcller, feiert am Dienstag, den 20. August, seinen 60. Geburtstag. Lieber Rainer, der Vorstand, der 09-Beirat, das n\u00e4here Umfeld, die Senioren- und Juniorenabteilung, die Alt-Liga und die Fans des SV H\u00fcsten 09 sowie vor allen Dingen deine Familie mit Andrea gratulieren Dir zu Deinem Ehrentag recht herzlich. [&hellip;]<\/p>\n","protected":false},"author":5,"featured_media":3404,"comment_status":"closed","ping_status":"closed","sticky":false,"template":"","format":"standard","meta":[],"categories":[1,59],"tags":[],"_links":{"self":[{"href":"https:\/\/svhuesten09.de\/web\/wp-json\/wp\/v2\/posts\/15178"}],"collection":[{"href":"https:\/\/svhuesten09.de\/web\/wp-json\/wp\/v2\/posts"}],"about":[{"href":"https:\/\/svhuesten09.de\/web\/wp-json\/wp\/v2\/types\/post"}],"author":[{"embeddable":true,"href":"https:\/\/svhuesten09.de\/web\/wp-json\/wp\/v2\/users\/5"}],"replies":[{"embeddable":true,"href":"https:\/\/svhuesten09.de\/web\/wp-json\/wp\/v2\/comments?post=15178"}],"version-history":[{"count":2,"href":"https:\/\/svhuesten09.de\/web\/wp-json\/wp\/v2\/posts\/15178\/revisions"}],"predecessor-version":[{"id":15180,"href":"https:\/\/svhuesten09.de\/web\/wp-json\/wp\/v2\/posts\/15178\/revisions\/15180"}],"wp:featuredmedia":[{"embeddable":true,"href":"https:\/\/svhuesten09.de\/web\/wp-json\/wp\/v2\/media\/3404"}],"wp:attachment":[{"href":"https:\/\/svhuesten09.de\/web\/wp-json\/wp\/v2\/media?parent=15178"}],"wp:term":[{"taxonomy":"category","embeddable":true,"href":"https:\/\/svhuesten09.de\/web\/wp-json\/wp\/v2\/categories?post=15178"},{"taxonomy":"post_tag","embeddable":true,"href":"https:\/\/svhuesten09.de\/web\/wp-json\/wp\/v2\/tags?post=15178"}],"curies":[{"name":"wp","href":"https:\/\/api.w.org\/{rel}","templated":true}]}}