{"id":15181,"date":"2024-08-22T13:52:46","date_gmt":"2024-08-22T11:52:46","guid":{"rendered":"https:\/\/svhuesten09.de\/web\/?p=15181"},"modified":"2024-08-22T13:52:46","modified_gmt":"2024-08-22T11:52:46","slug":"sv-huesten-09-bedankt-sich-bei-helfern","status":"publish","type":"post","link":"https:\/\/svhuesten09.de\/web\/2024\/08\/22\/sv-huesten-09-bedankt-sich-bei-helfern\/","title":{"rendered":"SV H\u00fcsten 09 bedankt sich bei Helfern"},"content":{"rendered":"<p>Aufgrund der anstehenden Stadionsanierung musste der SV H\u00fcsten 09 alle seine benutzten R\u00e4ume im Stadion Gro\u00dfe Wiese f\u00fcr die anstehenden Bauarbeiten r\u00e4umen.<\/p>\n<p>Sebastian Bahr, zweiter Vorsitzender der 09ner und Verantwortlicher der Aktion, sagte: &#8222;Im Laufe der Jahre hat sich einiges angesammelt, was wir jetzt aufgrund der Stadionsanierung nun entsorgt haben. Ein ganz gro\u00dfes Dankesch\u00f6n m\u00f6chte ich an dieser Stelle den Helfern aus dem Vorstand, der Jugend und den Mannschaften f\u00fcr die Reinigungsaktion aussprechen. Ebenso gilt unser Dank dem Containerdienst Frederik Deimann. Wir alle im Verein m\u00fcssen durch die Umbauma\u00dfnahmen eng zusammenr\u00fccken und hoffen, dass nun auch endlich begonnen wird und Worte durch Taten ersetzt werden.&#8220;<\/p>\n<p>F\u00fcr die Umbauma\u00dfnahme hat die Stadt Arnsberg den Vereinen und Nutzern einen See-Container zur Verf\u00fcgung gestellt, den sich der SV H\u00fcsten 09 mit einem weiteren Nutzer teilen muss. Aufgrund dessen hat sich der Verein entschieden, einen weiteren Container zu beschaffen und diesen dauerhaft auf dem Kunstrasenplatz zu installieren. &#8222;Hierf\u00fcr bereiten die 09-Bauhelfer gerade die Fundamente vor, da dieser in der kommende Woche angeliefert wird. Danke auch den Jungs, die diese T\u00e4tigkeiten f\u00fcr den SV H\u00fcsten 09 ausf\u00fchren&#8220;, teilt Sebastian Bahr mit. <\/p>\n","protected":false},"excerpt":{"rendered":"<p>Aufgrund der anstehenden Stadionsanierung musste der SV H\u00fcsten 09 alle seine benutzten R\u00e4ume im Stadion Gro\u00dfe Wiese f\u00fcr die anstehenden Bauarbeiten r\u00e4umen. Sebastian Bahr, zweiter Vorsitzender der 09ner und Verantwortlicher der Aktion, sagte: &#8222;Im Laufe der Jahre hat sich einiges angesammelt, was wir jetzt aufgrund der Stadionsanierung nun entsorgt haben. Ein ganz gro\u00dfes Dankesch\u00f6n m\u00f6chte [&hellip;]<\/p>\n","protected":false},"author":5,"featured_media":15182,"comment_status":"closed","ping_status":"closed","sticky":false,"template":"","format":"standard","meta":[],"categories":[1,59],"tags":[],"_links":{"self":[{"href":"https:\/\/svhuesten09.de\/web\/wp-json\/wp\/v2\/posts\/15181"}],"collection":[{"href":"https:\/\/svhuesten09.de\/web\/wp-json\/wp\/v2\/posts"}],"about":[{"href":"https:\/\/svhuesten09.de\/web\/wp-json\/wp\/v2\/types\/post"}],"author":[{"embeddable":true,"href":"https:\/\/svhuesten09.de\/web\/wp-json\/wp\/v2\/users\/5"}],"replies":[{"embeddable":true,"href":"https:\/\/svhuesten09.de\/web\/wp-json\/wp\/v2\/comments?post=15181"}],"version-history":[{"count":1,"href":"https:\/\/svhuesten09.de\/web\/wp-json\/wp\/v2\/posts\/15181\/revisions"}],"predecessor-version":[{"id":15183,"href":"https:\/\/svhuesten09.de\/web\/wp-json\/wp\/v2\/posts\/15181\/revisions\/15183"}],"wp:featuredmedia":[{"embeddable":true,"href":"https:\/\/svhuesten09.de\/web\/wp-json\/wp\/v2\/media\/15182"}],"wp:attachment":[{"href":"https:\/\/svhuesten09.de\/web\/wp-json\/wp\/v2\/media?parent=15181"}],"wp:term":[{"taxonomy":"category","embeddable":true,"href":"https:\/\/svhuesten09.de\/web\/wp-json\/wp\/v2\/categories?post=15181"},{"taxonomy":"post_tag","embeddable":true,"href":"https:\/\/svhuesten09.de\/web\/wp-json\/wp\/v2\/tags?post=15181"}],"curies":[{"name":"wp","href":"https:\/\/api.w.org\/{rel}","templated":true}]}}