{"id":15236,"date":"2024-09-25T10:51:33","date_gmt":"2024-09-25T08:51:33","guid":{"rendered":"https:\/\/svhuesten09.de\/web\/?p=15236"},"modified":"2024-09-25T22:53:00","modified_gmt":"2024-09-25T20:53:00","slug":"jugendtag-des-sv-huesten-09-am-01-oktober","status":"publish","type":"post","link":"https:\/\/svhuesten09.de\/web\/2024\/09\/25\/jugendtag-des-sv-huesten-09-am-01-oktober\/","title":{"rendered":"Jugendtag des SV H\u00fcsten 09 am 01. Oktober"},"content":{"rendered":"<p>Am 01. Oktober findet um 19:09 Uhr im Vereinsheim des SV H\u00fcsten 09 der ordentliche Jugendtag statt.<\/p>\n<p>Auf der Tagesordnung, die <a href=\"https:\/\/svhuesten09.de\/web\/wp-content\/uploads\/2024\/09\/Jugendtag-2024.pdf\" target=\"_blank\" rel=\"noopener\"><strong>HIER<\/strong><\/a> eingesehen werden kann, stehen nebst Berichten der Jugendleiter, der Gesch\u00e4ftsf\u00fchrer und der Kassierer die Neuwahlen bzw. die Wiederwahlen. Die Jugendabteilung l\u00e4dt alle wahlberechtigten Vereinsmitglieder herzlich ein, an den Wahlen teilzunehmen.<\/p>\n","protected":false},"excerpt":{"rendered":"<p>Am 01. Oktober findet um 19:09 Uhr im Vereinsheim des SV H\u00fcsten 09 der ordentliche Jugendtag statt. Auf der Tagesordnung, die HIER eingesehen werden kann, stehen nebst Berichten der Jugendleiter, der Gesch\u00e4ftsf\u00fchrer und der Kassierer die Neuwahlen bzw. die Wiederwahlen. Die Jugendabteilung l\u00e4dt alle wahlberechtigten Vereinsmitglieder herzlich ein, an den Wahlen teilzunehmen.<\/p>\n","protected":false},"author":5,"featured_media":10689,"comment_status":"closed","ping_status":"closed","sticky":false,"template":"","format":"standard","meta":[],"categories":[1,36,59],"tags":[],"_links":{"self":[{"href":"https:\/\/svhuesten09.de\/web\/wp-json\/wp\/v2\/posts\/15236"}],"collection":[{"href":"https:\/\/svhuesten09.de\/web\/wp-json\/wp\/v2\/posts"}],"about":[{"href":"https:\/\/svhuesten09.de\/web\/wp-json\/wp\/v2\/types\/post"}],"author":[{"embeddable":true,"href":"https:\/\/svhuesten09.de\/web\/wp-json\/wp\/v2\/users\/5"}],"replies":[{"embeddable":true,"href":"https:\/\/svhuesten09.de\/web\/wp-json\/wp\/v2\/comments?post=15236"}],"version-history":[{"count":1,"href":"https:\/\/svhuesten09.de\/web\/wp-json\/wp\/v2\/posts\/15236\/revisions"}],"predecessor-version":[{"id":15238,"href":"https:\/\/svhuesten09.de\/web\/wp-json\/wp\/v2\/posts\/15236\/revisions\/15238"}],"wp:featuredmedia":[{"embeddable":true,"href":"https:\/\/svhuesten09.de\/web\/wp-json\/wp\/v2\/media\/10689"}],"wp:attachment":[{"href":"https:\/\/svhuesten09.de\/web\/wp-json\/wp\/v2\/media?parent=15236"}],"wp:term":[{"taxonomy":"category","embeddable":true,"href":"https:\/\/svhuesten09.de\/web\/wp-json\/wp\/v2\/categories?post=15236"},{"taxonomy":"post_tag","embeddable":true,"href":"https:\/\/svhuesten09.de\/web\/wp-json\/wp\/v2\/tags?post=15236"}],"curies":[{"name":"wp","href":"https:\/\/api.w.org\/{rel}","templated":true}]}}