{"id":15294,"date":"2024-10-25T14:21:55","date_gmt":"2024-10-25T12:21:55","guid":{"rendered":"https:\/\/svhuesten09.de\/web\/?p=15294"},"modified":"2024-10-25T14:21:55","modified_gmt":"2024-10-25T12:21:55","slug":"09-wochenende-im-schnelldurchlauf-150","status":"publish","type":"post","link":"https:\/\/svhuesten09.de\/web\/2024\/10\/25\/09-wochenende-im-schnelldurchlauf-150\/","title":{"rendered":"09-Wochenende im Schnelldurchlauf"},"content":{"rendered":"<p>Am Sonntag, den 27. Oktober, sind nur zwei der drei Seniorenmannschaften des SV H\u00fcsten 09 im Punktspieleinsatz, da die dritte Mannschaft in der Kreisliga C Arnsberg spielfrei hat. Deshalb richtet sich der Fokus der 09er auf die beiden anderen Teams.<\/p>\n<p>Auch wenn die H\u00fcstener Bezirksligamannschaft angesichts der personellen Lage mit dem 2:2-Unentschieden beim VfL Bad Berleburg leben konnte, sind die Gr\u00fcn-Wei\u00dfen im Kampf um die Meisterschaft unter Zugzwang geraten, da Tabellenf\u00fchrer SuS Langscheid\/Enkhausen wieder auf zwei Z\u00e4hler davongezogen ist. Bevor sich beide Mannschaften am 13. Spieltag im Langscheider Sportpark gegen\u00fcber stehen werden, m\u00fcssen aber zun\u00e4chst einmal die Hausaufgaben am letzten Oktober-Wochenende gemacht werden. Auf H\u00fcsten wartet dabei ein Heimspiel gegen die abstiegsgef\u00e4hrdete SG Hemer, die aktuell den vorletzten Tabellenplatz einnimmt. Sechs der acht Z\u00e4hler hat Hemer aber an den vergangenen drei Spieltagen geholt und zuletzt auch gegen Freienohl nur knapp mit 3:4 verloren.<\/p>\n<p>&#8222;Bei uns denkt noch niemand an das Spitzenspiel in Langscheid. Wir konzentrieren uns erst einmal auf die Partie gegen die SG Hemer und erwarten einen kampfstarken Gegner, den wir nicht untersch\u00e4tzen werden. Im Vergleich zur Vorwoche ist Malsor Blakaj nach seiner abgesessenen Sperre wieder dabei, aber insgesamt bleibt unsere personelle Situation leider angespannt&#8220;, teilt H\u00fcstens Trainer Holger Wortmann mit, der zuletzt unter anderem auf Steffen Kern, Julius Oestersporkmann und Torwart Silas Wiehoff verzichten musste.<\/p>\n<p>Zuvor ist bereits die zweite Mannschaft des SV H\u00fcsten 09 im Einsatz und fordert um 12:30 Uhr den SSV K\u00fcntrop heraus. Beide Mannschaften trennt im dichten Mittelfeld der Kreisliga A Arnsberg nur ein Punkt. Nach sieben Punkten aus den letzten drei Partien geht die Mannschaft von 09-Coach Emre Erdur aber mit reichlich Selbstvertrauen ins Spiel und m\u00f6chte auch gegen den Vorjahresdritten punkten.<\/p>\n","protected":false},"excerpt":{"rendered":"<p>Am Sonntag, den 27. Oktober, sind nur zwei der drei Seniorenmannschaften des SV H\u00fcsten 09 im Punktspieleinsatz, da die dritte Mannschaft in der Kreisliga C Arnsberg spielfrei hat. Deshalb richtet sich der Fokus der 09er auf die beiden anderen Teams. Auch wenn die H\u00fcstener Bezirksligamannschaft angesichts der personellen Lage mit dem 2:2-Unentschieden beim VfL Bad [&hellip;]<\/p>\n","protected":false},"author":5,"featured_media":15295,"comment_status":"closed","ping_status":"closed","sticky":false,"template":"","format":"standard","meta":[],"categories":[32,33,34,1],"tags":[],"_links":{"self":[{"href":"https:\/\/svhuesten09.de\/web\/wp-json\/wp\/v2\/posts\/15294"}],"collection":[{"href":"https:\/\/svhuesten09.de\/web\/wp-json\/wp\/v2\/posts"}],"about":[{"href":"https:\/\/svhuesten09.de\/web\/wp-json\/wp\/v2\/types\/post"}],"author":[{"embeddable":true,"href":"https:\/\/svhuesten09.de\/web\/wp-json\/wp\/v2\/users\/5"}],"replies":[{"embeddable":true,"href":"https:\/\/svhuesten09.de\/web\/wp-json\/wp\/v2\/comments?post=15294"}],"version-history":[{"count":1,"href":"https:\/\/svhuesten09.de\/web\/wp-json\/wp\/v2\/posts\/15294\/revisions"}],"predecessor-version":[{"id":15296,"href":"https:\/\/svhuesten09.de\/web\/wp-json\/wp\/v2\/posts\/15294\/revisions\/15296"}],"wp:featuredmedia":[{"embeddable":true,"href":"https:\/\/svhuesten09.de\/web\/wp-json\/wp\/v2\/media\/15295"}],"wp:attachment":[{"href":"https:\/\/svhuesten09.de\/web\/wp-json\/wp\/v2\/media?parent=15294"}],"wp:term":[{"taxonomy":"category","embeddable":true,"href":"https:\/\/svhuesten09.de\/web\/wp-json\/wp\/v2\/categories?post=15294"},{"taxonomy":"post_tag","embeddable":true,"href":"https:\/\/svhuesten09.de\/web\/wp-json\/wp\/v2\/tags?post=15294"}],"curies":[{"name":"wp","href":"https:\/\/api.w.org\/{rel}","templated":true}]}}