{"id":15346,"date":"2024-12-18T11:19:16","date_gmt":"2024-12-18T10:19:16","guid":{"rendered":"https:\/\/svhuesten09.de\/web\/?p=15346"},"modified":"2024-12-19T11:26:56","modified_gmt":"2024-12-19T10:26:56","slug":"sv-huesten-09-dankt-helfern-und-vereinen-fuer-unterstuetzung-beim-advents-treff","status":"publish","type":"post","link":"https:\/\/svhuesten09.de\/web\/2024\/12\/18\/sv-huesten-09-dankt-helfern-und-vereinen-fuer-unterstuetzung-beim-advents-treff\/","title":{"rendered":"SV H\u00fcsten 09 dankt Helfern und Vereinen f\u00fcr Unterst\u00fctzung beim Advents-Treff"},"content":{"rendered":"<p>Der Vorstand des SV H\u00fcsten 09 bedankt sich bei allen Vereinsmitgliedern und Helfern des Vereins, die sich beim H\u00fcstener Advents-Treff daf\u00fcr eingesetzt haben, diese Veranstaltung zu einem Erfolg werden zu lassen. Erstmals wurde der Advents-Treff nicht am Stadion Gro\u00dfe Wiese, sondern in &#8222;Becksch\u00e4fers Gasse&#8220; auf dem Parkplatz des Modehauses Kress und in der Marktpassage durchgef\u00fchrt.<\/p>\n<p>Danken m\u00f6chte der SV H\u00fcsten 09 auch den beteiligten Vereinen GVU-Unterh\u00fcsten, der H\u00fcsterner Karnevalsgesellschaft sowie dem VGH H\u00fcsten mit Angelika Geue und Ingo Becksch\u00e4fer an der Spitze. Gemeinsam hat man es geschafft, nach Jahren einen Advents-Treff in H\u00fcsten wieder durchzuf\u00fchren. &#8222;Die Veranstaltung ist sicherlich noch ausbauf\u00e4hig und zu verbessern gibt es immer etwas&#8220;, sagten die 09-Vorsitzenden Rainer M\u00fcller und Sebastian Bahr.<\/p>\n<p>Allen Beteiligten, der H\u00fcstener Bev\u00f6lkerung und den Besuchern des Advents-Treffs w\u00fcnscht der SV H\u00fcsten 09 ein frohes Weihnachtsfest und einen feucht fr\u00f6hlichen Jahreswechsel 2025. Bleiben Sie alle gesund.<\/p>\n","protected":false},"excerpt":{"rendered":"<p>Der Vorstand des SV H\u00fcsten 09 bedankt sich bei allen Vereinsmitgliedern und Helfern des Vereins, die sich beim H\u00fcstener Advents-Treff daf\u00fcr eingesetzt haben, diese Veranstaltung zu einem Erfolg werden zu lassen. Erstmals wurde der Advents-Treff nicht am Stadion Gro\u00dfe Wiese, sondern in &#8222;Becksch\u00e4fers Gasse&#8220; auf dem Parkplatz des Modehauses Kress und in der Marktpassage durchgef\u00fchrt. [&hellip;]<\/p>\n","protected":false},"author":5,"featured_media":15347,"comment_status":"closed","ping_status":"closed","sticky":false,"template":"","format":"standard","meta":[],"categories":[1,59],"tags":[],"_links":{"self":[{"href":"https:\/\/svhuesten09.de\/web\/wp-json\/wp\/v2\/posts\/15346"}],"collection":[{"href":"https:\/\/svhuesten09.de\/web\/wp-json\/wp\/v2\/posts"}],"about":[{"href":"https:\/\/svhuesten09.de\/web\/wp-json\/wp\/v2\/types\/post"}],"author":[{"embeddable":true,"href":"https:\/\/svhuesten09.de\/web\/wp-json\/wp\/v2\/users\/5"}],"replies":[{"embeddable":true,"href":"https:\/\/svhuesten09.de\/web\/wp-json\/wp\/v2\/comments?post=15346"}],"version-history":[{"count":1,"href":"https:\/\/svhuesten09.de\/web\/wp-json\/wp\/v2\/posts\/15346\/revisions"}],"predecessor-version":[{"id":15348,"href":"https:\/\/svhuesten09.de\/web\/wp-json\/wp\/v2\/posts\/15346\/revisions\/15348"}],"wp:featuredmedia":[{"embeddable":true,"href":"https:\/\/svhuesten09.de\/web\/wp-json\/wp\/v2\/media\/15347"}],"wp:attachment":[{"href":"https:\/\/svhuesten09.de\/web\/wp-json\/wp\/v2\/media?parent=15346"}],"wp:term":[{"taxonomy":"category","embeddable":true,"href":"https:\/\/svhuesten09.de\/web\/wp-json\/wp\/v2\/categories?post=15346"},{"taxonomy":"post_tag","embeddable":true,"href":"https:\/\/svhuesten09.de\/web\/wp-json\/wp\/v2\/tags?post=15346"}],"curies":[{"name":"wp","href":"https:\/\/api.w.org\/{rel}","templated":true}]}}