{"id":15713,"date":"2025-08-19T08:42:39","date_gmt":"2025-08-19T06:42:39","guid":{"rendered":"https:\/\/svhuesten09.de\/web\/?p=15713"},"modified":"2025-08-19T08:44:12","modified_gmt":"2025-08-19T06:44:12","slug":"sv-huesten-09-laedt-zur-lidl-deutschland-tour-2025-ein","status":"publish","type":"post","link":"https:\/\/svhuesten09.de\/web\/2025\/08\/19\/sv-huesten-09-laedt-zur-lidl-deutschland-tour-2025-ein\/","title":{"rendered":"SV H\u00fcsten 09 l\u00e4dt zur Lidl Deutschland-Tour 2025 ein"},"content":{"rendered":"<p>Der SV H\u00fcsten 09 l\u00e4dt alle Vereine und B\u00fcrgerinnen und B\u00fcrger H\u00fcstens zur Teilnahme an der Lidl Deutschland-Tour 2025 herzlich ein. Das Radsport-Highlight des Jahres steht vor der T\u00fcr: Am Freitag, 22. August, und Samstag, 23. August, macht die Lidl Deutschland-Tour, Deutschlands gr\u00f6\u00dftes Radsportfestival, Station in unserer Stadt \u2013 und auch der SV H\u00fcsten 09 ist mit dabei.<\/p>\n<p>Am Freitag, den 22. August, ist der SV H\u00fcsten 09 mit bis zu 20 Streckenposten an der Heinrich-L\u00fcbke-Stra\u00dfe im Einsatz und sorgt dort f\u00fcr Sicherheit w\u00e4hrend des Rennens. Aus diesem Anlass richtet der Verein einen Treffpunkt f\u00fcr alle H\u00fcstener Vereine, B\u00fcrgerinnen und B\u00fcrger sowie f\u00fcr seine Helfer ein.<\/p>\n<p>Wo? Zwischen dem A.L.S.-B\u00fcrogeb\u00e4ude und Gardinen D\u00fcnnebacke in der Heinrich-L\u00fcbke-Stra\u00dfe<br \/>\nWann? Von 14:30 Uhr bis ca. 17:00 Uhr<\/p>\n<p>Hier erwarten euch leckere Bratw\u00fcrstchen und erfrischende Getr\u00e4nke zu fairen Preisen. Kommt vorbei, feuert die Radsportler an und lasst uns gemeinsam f\u00fcr eine gro\u00dfartige Stimmung sorgen \u2013 damit dieses Radsport-Event zu einem unvergesslichen Erlebnis f\u00fcr ganz Arnsberg wird.<\/p>\n","protected":false},"excerpt":{"rendered":"<p>Der SV H\u00fcsten 09 l\u00e4dt alle Vereine und B\u00fcrgerinnen und B\u00fcrger H\u00fcstens zur Teilnahme an der Lidl Deutschland-Tour 2025 herzlich ein. Das Radsport-Highlight des Jahres steht vor der T\u00fcr: Am Freitag, 22. August, und Samstag, 23. August, macht die Lidl Deutschland-Tour, Deutschlands gr\u00f6\u00dftes Radsportfestival, Station in unserer Stadt \u2013 und auch der SV H\u00fcsten 09 [&hellip;]<\/p>\n","protected":false},"author":5,"featured_media":10689,"comment_status":"closed","ping_status":"closed","sticky":false,"template":"","format":"standard","meta":[],"categories":[1,59],"tags":[],"_links":{"self":[{"href":"https:\/\/svhuesten09.de\/web\/wp-json\/wp\/v2\/posts\/15713"}],"collection":[{"href":"https:\/\/svhuesten09.de\/web\/wp-json\/wp\/v2\/posts"}],"about":[{"href":"https:\/\/svhuesten09.de\/web\/wp-json\/wp\/v2\/types\/post"}],"author":[{"embeddable":true,"href":"https:\/\/svhuesten09.de\/web\/wp-json\/wp\/v2\/users\/5"}],"replies":[{"embeddable":true,"href":"https:\/\/svhuesten09.de\/web\/wp-json\/wp\/v2\/comments?post=15713"}],"version-history":[{"count":3,"href":"https:\/\/svhuesten09.de\/web\/wp-json\/wp\/v2\/posts\/15713\/revisions"}],"predecessor-version":[{"id":15716,"href":"https:\/\/svhuesten09.de\/web\/wp-json\/wp\/v2\/posts\/15713\/revisions\/15716"}],"wp:featuredmedia":[{"embeddable":true,"href":"https:\/\/svhuesten09.de\/web\/wp-json\/wp\/v2\/media\/10689"}],"wp:attachment":[{"href":"https:\/\/svhuesten09.de\/web\/wp-json\/wp\/v2\/media?parent=15713"}],"wp:term":[{"taxonomy":"category","embeddable":true,"href":"https:\/\/svhuesten09.de\/web\/wp-json\/wp\/v2\/categories?post=15713"},{"taxonomy":"post_tag","embeddable":true,"href":"https:\/\/svhuesten09.de\/web\/wp-json\/wp\/v2\/tags?post=15713"}],"curies":[{"name":"wp","href":"https:\/\/api.w.org\/{rel}","templated":true}]}}