{"id":15751,"date":"2025-09-13T10:16:58","date_gmt":"2025-09-13T08:16:58","guid":{"rendered":"https:\/\/svhuesten09.de\/web\/?p=15751"},"modified":"2025-09-13T10:16:58","modified_gmt":"2025-09-13T08:16:58","slug":"aeltestes-09-mitglied-werner-zeiffer-feiert-100-geburtstag","status":"publish","type":"post","link":"https:\/\/svhuesten09.de\/web\/2025\/09\/13\/aeltestes-09-mitglied-werner-zeiffer-feiert-100-geburtstag\/","title":{"rendered":"\u00c4ltestes 09-Mitglied Werner Zeiffer feiert 100. Geburtstag"},"content":{"rendered":"<p>Am Samstag, den 13. September, feiert Werner Zeiffer seinen 100. Geburtstag. Der H\u00fcstener, der in Sundern geboren ist, ist sehr eng mit dem Stadtteil H\u00fcsten verbunden.<\/p>\n<p>Bevor er 1948 seine Lehre als Werkstoffpr\u00fcfer bei den H\u00fcttenwerker Siegerland begann, ist er mit 18 Jahren zum Kriegsdienst eingezogen worden. W\u00e4hrend der Invasion in der Normandie kam er in Gefangenschaft. Die verbrachte er in Amerika (nahe San Francisco) und sp\u00e4ter in England (nahe London).<\/p>\n<p>1952 heiratete Zeiffer seine Hertha, geborene Beste (verstorben im April 2018). In dem Jahr wurde er Mitglied beim SV H\u00fcsten 09. &#8222;Hier fand ich meine ehrenamtliche Heimat und war lange im gesch\u00e4ftsf\u00fchrenden Vorstand t\u00e4tig. Das war eine sehr sch\u00f6ne Zeit, an die ich gerne zur\u00fcckdenke&#8220;, so Zeiffer. &#8222;Fu\u00dfball hatte damals einen ganz anderen Stellenwert, das kann man mit heute nicht mehr vergleichen&#8220;, meint der Jubilar.<\/p>\n<p>Bis vor sieben Jahren besuchte er noch regelm\u00e4\u00dfig sonntags seinen Stammtisch &#8222;H\u00fcstener Jungs&#8220; im Gasthof K\u00f6ster &#8211; und das mehr als 50 Jahre. Jetzt besuchen ihn alte Freunde oder es wird viel miteinander telefoniert. &#8222;Die Verbindungen, Kontakte und Gespr\u00e4che sind mir sehr wichtig. Da bleibt man immer am Ball&#8220;, betont Zeiffer. \u00dcber 45 Jahre ist er auch Mitglied in der H\u00fcstener Sch\u00fctzenbruderschaft. Mit seiner Ehefrau hat er viele Reisen unternommen, darunter Amerika, S\u00fcdfrankreich und S\u00fcddeutschland.<\/p>\n<p>Der SV H\u00fcsten 09 gratuliert seinem \u00e4ltesten Vereinsmitglied herzlich und w\u00fcnscht alles Gute und viel Gesundheit!<\/p>\n","protected":false},"excerpt":{"rendered":"<p>Am Samstag, den 13. September, feiert Werner Zeiffer seinen 100. Geburtstag. Der H\u00fcstener, der in Sundern geboren ist, ist sehr eng mit dem Stadtteil H\u00fcsten verbunden. Bevor er 1948 seine Lehre als Werkstoffpr\u00fcfer bei den H\u00fcttenwerker Siegerland begann, ist er mit 18 Jahren zum Kriegsdienst eingezogen worden. W\u00e4hrend der Invasion in der Normandie kam er [&hellip;]<\/p>\n","protected":false},"author":5,"featured_media":15757,"comment_status":"closed","ping_status":"closed","sticky":false,"template":"","format":"standard","meta":[],"categories":[1,59],"tags":[],"_links":{"self":[{"href":"https:\/\/svhuesten09.de\/web\/wp-json\/wp\/v2\/posts\/15751"}],"collection":[{"href":"https:\/\/svhuesten09.de\/web\/wp-json\/wp\/v2\/posts"}],"about":[{"href":"https:\/\/svhuesten09.de\/web\/wp-json\/wp\/v2\/types\/post"}],"author":[{"embeddable":true,"href":"https:\/\/svhuesten09.de\/web\/wp-json\/wp\/v2\/users\/5"}],"replies":[{"embeddable":true,"href":"https:\/\/svhuesten09.de\/web\/wp-json\/wp\/v2\/comments?post=15751"}],"version-history":[{"count":1,"href":"https:\/\/svhuesten09.de\/web\/wp-json\/wp\/v2\/posts\/15751\/revisions"}],"predecessor-version":[{"id":15752,"href":"https:\/\/svhuesten09.de\/web\/wp-json\/wp\/v2\/posts\/15751\/revisions\/15752"}],"wp:featuredmedia":[{"embeddable":true,"href":"https:\/\/svhuesten09.de\/web\/wp-json\/wp\/v2\/media\/15757"}],"wp:attachment":[{"href":"https:\/\/svhuesten09.de\/web\/wp-json\/wp\/v2\/media?parent=15751"}],"wp:term":[{"taxonomy":"category","embeddable":true,"href":"https:\/\/svhuesten09.de\/web\/wp-json\/wp\/v2\/categories?post=15751"},{"taxonomy":"post_tag","embeddable":true,"href":"https:\/\/svhuesten09.de\/web\/wp-json\/wp\/v2\/tags?post=15751"}],"curies":[{"name":"wp","href":"https:\/\/api.w.org\/{rel}","templated":true}]}}