{"id":15759,"date":"2025-09-15T15:38:06","date_gmt":"2025-09-15T13:38:06","guid":{"rendered":"https:\/\/svhuesten09.de\/web\/?p=15759"},"modified":"2025-09-16T08:02:06","modified_gmt":"2025-09-16T06:02:06","slug":"sv-huesten-09-trauert-um-juergen-bley","status":"publish","type":"post","link":"https:\/\/svhuesten09.de\/web\/2025\/09\/15\/sv-huesten-09-trauert-um-juergen-bley\/","title":{"rendered":"SV H\u00fcsten 09 trauert um J\u00fcrgen Bley"},"content":{"rendered":"<p>Nach kurzer, schwerer Krankheit m\u00fcssen wir Abschied nehmen von unserem Mitglied J\u00fcrgen Bley.<\/p>\n<p>J\u00fcrgen war \u00fcber viele Jahre ein treuer und unverzichtbarer ehrenamtlicher Helfer unseres Traditionsvereins. Mit seiner stets hilfsbereiten, zuverl\u00e4ssigen und herzlichen Art war er f\u00fcr uns alle ein gro\u00dfes Vorbild. Er hat sich eingebracht, wo Hilfe n\u00f6tig war, und war immer mit Herz und Hand dabei. Ob bei kleinen Aufgaben oder gro\u00dfen Herausforderungen, er packte an, ohne zu z\u00f6gern, und trug so wesentlich zum Vereinsleben bei. Seine Tatkraft und sein Engagement werden uns fehlen.<\/p>\n<p>Wir verlieren nicht nur einen engagierten Helfer, sondern vor allem einen guten Freund. Unser Mitgef\u00fchl gilt seiner Familie und allen Angeh\u00f6rigen.<\/p>\n<p>Wir werden J\u00fcrgen stets in dankbarer Erinnerung behalten.<\/p>\n<p>Der Vorstand des&nbsp;SV&nbsp;H\u00fcsten&nbsp;09<\/p>\n","protected":false},"excerpt":{"rendered":"<p>Nach kurzer, schwerer Krankheit m\u00fcssen wir Abschied nehmen von unserem Mitglied J\u00fcrgen Bley. J\u00fcrgen war \u00fcber viele Jahre ein treuer und unverzichtbarer ehrenamtlicher Helfer unseres Traditionsvereins. Mit seiner stets hilfsbereiten, zuverl\u00e4ssigen und herzlichen Art war er f\u00fcr uns alle ein gro\u00dfes Vorbild. Er hat sich eingebracht, wo Hilfe n\u00f6tig war, und war immer mit Herz [&hellip;]<\/p>\n","protected":false},"author":5,"featured_media":15760,"comment_status":"closed","ping_status":"closed","sticky":false,"template":"","format":"standard","meta":[],"categories":[1,59],"tags":[],"_links":{"self":[{"href":"https:\/\/svhuesten09.de\/web\/wp-json\/wp\/v2\/posts\/15759"}],"collection":[{"href":"https:\/\/svhuesten09.de\/web\/wp-json\/wp\/v2\/posts"}],"about":[{"href":"https:\/\/svhuesten09.de\/web\/wp-json\/wp\/v2\/types\/post"}],"author":[{"embeddable":true,"href":"https:\/\/svhuesten09.de\/web\/wp-json\/wp\/v2\/users\/5"}],"replies":[{"embeddable":true,"href":"https:\/\/svhuesten09.de\/web\/wp-json\/wp\/v2\/comments?post=15759"}],"version-history":[{"count":1,"href":"https:\/\/svhuesten09.de\/web\/wp-json\/wp\/v2\/posts\/15759\/revisions"}],"predecessor-version":[{"id":15761,"href":"https:\/\/svhuesten09.de\/web\/wp-json\/wp\/v2\/posts\/15759\/revisions\/15761"}],"wp:featuredmedia":[{"embeddable":true,"href":"https:\/\/svhuesten09.de\/web\/wp-json\/wp\/v2\/media\/15760"}],"wp:attachment":[{"href":"https:\/\/svhuesten09.de\/web\/wp-json\/wp\/v2\/media?parent=15759"}],"wp:term":[{"taxonomy":"category","embeddable":true,"href":"https:\/\/svhuesten09.de\/web\/wp-json\/wp\/v2\/categories?post=15759"},{"taxonomy":"post_tag","embeddable":true,"href":"https:\/\/svhuesten09.de\/web\/wp-json\/wp\/v2\/tags?post=15759"}],"curies":[{"name":"wp","href":"https:\/\/api.w.org\/{rel}","templated":true}]}}