{"id":15955,"date":"2026-03-10T17:55:42","date_gmt":"2026-03-10T16:55:42","guid":{"rendered":"https:\/\/svhuesten09.de\/web\/?p=15955"},"modified":"2026-03-10T17:55:42","modified_gmt":"2026-03-10T16:55:42","slug":"einladung-zur-generalversammlung-am-27-maerz","status":"publish","type":"post","link":"https:\/\/svhuesten09.de\/web\/2026\/03\/10\/einladung-zur-generalversammlung-am-27-maerz\/","title":{"rendered":"Einladung zur Generalversammlung am 27. M\u00e4rz"},"content":{"rendered":"<p>Liebe 09er,<\/p>\n<p>hiermit laden wir alle Vereinsmitglieder zur ordentlichen Mitgliederversammlung am Freitag, den 27. M\u00e4rz, um 19:00 Uhr in den Versammlungsraum im Stadion Gro\u00dfe Wiese ein.<\/p>\n<p>Neben den Berichten aus den Abteilungen des Vereins stehen Neuwahlen f\u00fcr den Vorstandsbereich sowie Ehrungen der Mitglieder an. Die Tagesordnungspunkte sind <a href=\"https:\/\/svhuesten09.de\/web\/wp-content\/uploads\/2026\/03\/tagesordnung-mitgliederversammlung26.pdf\" target=\"_blank\" rel=\"noopener\"><strong>HIER<\/strong><\/a> zu entnehmen.<\/p>\n<p>\u00dcber einen regen Besuch der Mitglieder zur diesj\u00e4hrigen Generalversammlung w\u00fcrden wir uns sehr freuen.<\/p>\n<p>Der Vorstand des SV H\u00fcsten 09<\/p>\n","protected":false},"excerpt":{"rendered":"<p>Liebe 09er, hiermit laden wir alle Vereinsmitglieder zur ordentlichen Mitgliederversammlung am Freitag, den 27. M\u00e4rz, um 19:00 Uhr in den Versammlungsraum im Stadion Gro\u00dfe Wiese ein. Neben den Berichten aus den Abteilungen des Vereins stehen Neuwahlen f\u00fcr den Vorstandsbereich sowie Ehrungen der Mitglieder an. Die Tagesordnungspunkte sind HIER zu entnehmen. \u00dcber einen regen Besuch der [&hellip;]<\/p>\n","protected":false},"author":5,"featured_media":10689,"comment_status":"closed","ping_status":"closed","sticky":false,"template":"","format":"standard","meta":[],"categories":[1,59],"tags":[],"_links":{"self":[{"href":"https:\/\/svhuesten09.de\/web\/wp-json\/wp\/v2\/posts\/15955"}],"collection":[{"href":"https:\/\/svhuesten09.de\/web\/wp-json\/wp\/v2\/posts"}],"about":[{"href":"https:\/\/svhuesten09.de\/web\/wp-json\/wp\/v2\/types\/post"}],"author":[{"embeddable":true,"href":"https:\/\/svhuesten09.de\/web\/wp-json\/wp\/v2\/users\/5"}],"replies":[{"embeddable":true,"href":"https:\/\/svhuesten09.de\/web\/wp-json\/wp\/v2\/comments?post=15955"}],"version-history":[{"count":1,"href":"https:\/\/svhuesten09.de\/web\/wp-json\/wp\/v2\/posts\/15955\/revisions"}],"predecessor-version":[{"id":15957,"href":"https:\/\/svhuesten09.de\/web\/wp-json\/wp\/v2\/posts\/15955\/revisions\/15957"}],"wp:featuredmedia":[{"embeddable":true,"href":"https:\/\/svhuesten09.de\/web\/wp-json\/wp\/v2\/media\/10689"}],"wp:attachment":[{"href":"https:\/\/svhuesten09.de\/web\/wp-json\/wp\/v2\/media?parent=15955"}],"wp:term":[{"taxonomy":"category","embeddable":true,"href":"https:\/\/svhuesten09.de\/web\/wp-json\/wp\/v2\/categories?post=15955"},{"taxonomy":"post_tag","embeddable":true,"href":"https:\/\/svhuesten09.de\/web\/wp-json\/wp\/v2\/tags?post=15955"}],"curies":[{"name":"wp","href":"https:\/\/api.w.org\/{rel}","templated":true}]}}