{"id":15958,"date":"2026-03-09T17:56:06","date_gmt":"2026-03-09T16:56:06","guid":{"rendered":"https:\/\/svhuesten09.de\/web\/?p=15958"},"modified":"2026-03-10T17:57:26","modified_gmt":"2026-03-10T16:57:26","slug":"jugendtag-des-sv-huesten-09-am-15-maerz","status":"publish","type":"post","link":"https:\/\/svhuesten09.de\/web\/2026\/03\/09\/jugendtag-des-sv-huesten-09-am-15-maerz\/","title":{"rendered":"Jugendtag des SV H\u00fcsten 09 am 15. M\u00e4rz"},"content":{"rendered":"<p>Am 15. M\u00e4rz findet ab 13:09 Uhr im Vereinsheim des SV H\u00fcsten 09 der ordentliche Jugendtag statt.<\/p>\n<p>Auf der Tagesordnung, die <a href=\"https:\/\/svhuesten09.de\/web\/wp-content\/uploads\/2026\/03\/jugendtag-tagesordnung26.pdf\" target=\"_blank\" rel=\"noopener\"><strong>HIER<\/strong><\/a> eingesehen werden kann, stehen nebst Berichten des Pr\u00e4sidiums und der Kassierer die Neuwahlen bzw. die Wiederwahlen. Die Jugendabteilung l\u00e4dt alle wahlberechtigten Vereinsmitglieder herzlich ein, an den Wahlen teilzunehmen.<\/p>\n","protected":false},"excerpt":{"rendered":"<p>Am 15. M\u00e4rz findet ab 13:09 Uhr im Vereinsheim des SV H\u00fcsten 09 der ordentliche Jugendtag statt. Auf der Tagesordnung, die HIER eingesehen werden kann, stehen nebst Berichten des Pr\u00e4sidiums und der Kassierer die Neuwahlen bzw. die Wiederwahlen. Die Jugendabteilung l\u00e4dt alle wahlberechtigten Vereinsmitglieder herzlich ein, an den Wahlen teilzunehmen.<\/p>\n","protected":false},"author":5,"featured_media":6067,"comment_status":"closed","ping_status":"closed","sticky":false,"template":"","format":"standard","meta":[],"categories":[1,36,59],"tags":[],"_links":{"self":[{"href":"https:\/\/svhuesten09.de\/web\/wp-json\/wp\/v2\/posts\/15958"}],"collection":[{"href":"https:\/\/svhuesten09.de\/web\/wp-json\/wp\/v2\/posts"}],"about":[{"href":"https:\/\/svhuesten09.de\/web\/wp-json\/wp\/v2\/types\/post"}],"author":[{"embeddable":true,"href":"https:\/\/svhuesten09.de\/web\/wp-json\/wp\/v2\/users\/5"}],"replies":[{"embeddable":true,"href":"https:\/\/svhuesten09.de\/web\/wp-json\/wp\/v2\/comments?post=15958"}],"version-history":[{"count":1,"href":"https:\/\/svhuesten09.de\/web\/wp-json\/wp\/v2\/posts\/15958\/revisions"}],"predecessor-version":[{"id":15960,"href":"https:\/\/svhuesten09.de\/web\/wp-json\/wp\/v2\/posts\/15958\/revisions\/15960"}],"wp:featuredmedia":[{"embeddable":true,"href":"https:\/\/svhuesten09.de\/web\/wp-json\/wp\/v2\/media\/6067"}],"wp:attachment":[{"href":"https:\/\/svhuesten09.de\/web\/wp-json\/wp\/v2\/media?parent=15958"}],"wp:term":[{"taxonomy":"category","embeddable":true,"href":"https:\/\/svhuesten09.de\/web\/wp-json\/wp\/v2\/categories?post=15958"},{"taxonomy":"post_tag","embeddable":true,"href":"https:\/\/svhuesten09.de\/web\/wp-json\/wp\/v2\/tags?post=15958"}],"curies":[{"name":"wp","href":"https:\/\/api.w.org\/{rel}","templated":true}]}}