{"id":16122,"date":"2026-09-04T10:00:17","date_gmt":"2026-09-04T08:00:17","guid":{"rendered":"https:\/\/svhuesten09.de\/web\/?p=16122"},"modified":"2026-09-04T10:48:44","modified_gmt":"2026-09-04T08:48:44","slug":"uezel-elf-bestreitet-flutlichtspiel-in-oberschledorn","status":"publish","type":"post","link":"https:\/\/svhuesten09.de\/web\/2026\/09\/04\/uezel-elf-bestreitet-flutlichtspiel-in-oberschledorn\/","title":{"rendered":"\u00dczel-Elf bestreitet Flutlichtspiel in Oberschledorn"},"content":{"rendered":"<p>Schon am Freitag, den 04. September, stehen sich im Sportpark Rohwiese die mit zwei Siegen perfekt in die Saison gestarteten SV Oberschledorn\/Grafschaft und SV H\u00fcsten 09 gegen\u00fcber. Ansto\u00df ist um 19:30 Uhr.<\/p>\n<p>Nachdem der SV Oberschledorn\/Grafschaft durch eine 0:2-Niederlage beim A-Ligisten TSV Bigge\/Olsberg im HSK-Kreispokal fr\u00fchzeitig die Segel gestrichen hatte, startete der Fusionsclub umso besser in die Punktspielsaison 2026|27. Zum Auftakt feierte der SVO einen deutlichen 4:0-Sieg gegen den SSV Meschede und setzte sich im Anschluss auch gegen dessen Mitaufsteiger SG Herdringen\/M\u00fcschede mit 3:1 durch. Damit hat Oberschledorn\/Grafschaft nach zwei absolvierten Partien eine makellose Bilanz und dockt mit seinen sechs Punkten bereits am oberen Tabellendrittel an.<\/p>\n<p>Das gilt allerdings auch f\u00fcr den SV H\u00fcsten 09, der seine ersten beiden Spiele der Saison 2026|27 ebenfalls erfolgreich gestalten konnte. Die erste Partie gewannen die Gr\u00fcn-Wei\u00dfen mit 3:1 bei Vatanspor Hemer, ehe in der Vorwoche ein Last-Minute-Sieg beim SSV Meschede gelang. Unter der Woche h\u00e4tte eigentlich das Kreispokalspiel gegen DJK GW Arnsberg auf dem Plan gestanden, doch da der B-Ligist aus personellen Gr\u00fcnden nicht antrat, konnte sich der Vorjahresvierte voll und ganz auf die anstehende Aufgabe in Oberschledorn konzentrieren.<\/p>\n<p>H\u00fcstens Trainer Ufuk \u00dczel, der neben den Langzeitverletzten auch die Ausf\u00e4lle von Steffen Kern, Marcel Kern und Christopher Gierse meldet, sagt: &#8222;Obwohl das Fehlen der beiden Kern-Br\u00fcder f\u00fcr uns ein Handicap ist, sind wir personell gut aufgestellt. Der SV Oberschledorn\/Grafschaft hat eine starke Mannschaft, die aus den ersten beiden Spielen sechs Punkte geholt hat. Wir erwarten ein kampfbetontes Spiel. Unser Ziel ist es, auch in Oberschledorn ungeschlagen zu bleiben und unsere gestartete Serie fortzusetzen.&#8220;<\/p>\n","protected":false},"excerpt":{"rendered":"<p>Schon am Freitag, den 04. September, stehen sich im Sportpark Rohwiese die mit zwei Siegen perfekt in die Saison gestarteten SV Oberschledorn\/Grafschaft und SV H\u00fcsten 09 gegen\u00fcber. Ansto\u00df ist um 19:30 Uhr. Nachdem der SV Oberschledorn\/Grafschaft durch eine 0:2-Niederlage beim A-Ligisten TSV Bigge\/Olsberg im HSK-Kreispokal fr\u00fchzeitig die Segel gestrichen hatte, startete der Fusionsclub umso besser [&hellip;]<\/p>\n","protected":false},"author":5,"featured_media":14152,"comment_status":"closed","ping_status":"closed","sticky":false,"template":"","format":"standard","meta":[],"categories":[32,1],"tags":[],"_links":{"self":[{"href":"https:\/\/svhuesten09.de\/web\/wp-json\/wp\/v2\/posts\/16122"}],"collection":[{"href":"https:\/\/svhuesten09.de\/web\/wp-json\/wp\/v2\/posts"}],"about":[{"href":"https:\/\/svhuesten09.de\/web\/wp-json\/wp\/v2\/types\/post"}],"author":[{"embeddable":true,"href":"https:\/\/svhuesten09.de\/web\/wp-json\/wp\/v2\/users\/5"}],"replies":[{"embeddable":true,"href":"https:\/\/svhuesten09.de\/web\/wp-json\/wp\/v2\/comments?post=16122"}],"version-history":[{"count":1,"href":"https:\/\/svhuesten09.de\/web\/wp-json\/wp\/v2\/posts\/16122\/revisions"}],"predecessor-version":[{"id":16123,"href":"https:\/\/svhuesten09.de\/web\/wp-json\/wp\/v2\/posts\/16122\/revisions\/16123"}],"wp:featuredmedia":[{"embeddable":true,"href":"https:\/\/svhuesten09.de\/web\/wp-json\/wp\/v2\/media\/14152"}],"wp:attachment":[{"href":"https:\/\/svhuesten09.de\/web\/wp-json\/wp\/v2\/media?parent=16122"}],"wp:term":[{"taxonomy":"category","embeddable":true,"href":"https:\/\/svhuesten09.de\/web\/wp-json\/wp\/v2\/categories?post=16122"},{"taxonomy":"post_tag","embeddable":true,"href":"https:\/\/svhuesten09.de\/web\/wp-json\/wp\/v2\/tags?post=16122"}],"curies":[{"name":"wp","href":"https:\/\/api.w.org\/{rel}","templated":true}]}}